{"id":9609,"date":"2025-06-10T13:50:43","date_gmt":"2025-06-10T12:50:43","guid":{"rendered":"https:\/\/www.abirato.com\/abiratoshop\/?p=9609"},"modified":"2025-12-09T09:20:22","modified_gmt":"2025-12-09T08:20:22","slug":"philo-pour-tous-conference-dessinee","status":"publish","type":"post","link":"https:\/\/www.abirato.com\/abiratoshop\/philo-pour-tous-conference-dessinee\/","title":{"rendered":"PHILO POUR TOUS conf\u00e9rence dessin\u00e9e 13\/06\/25"},"content":{"rendered":"\n<p><a href=\"https:\/\/bibliotheque.brest-metropole.fr\/iguana\/www.main.cls?surl=search&amp;p=06473cb2-0843-11e5-b406-50568d242300#recordId=1.667367\" target=\"_blank\" rel=\"noreferrer noopener\">https:\/\/bibliotheque.brest-metropole.fr\/iguana\/www.main.cls?surl=search&amp;p=06473cb2-0843-11e5-b406-50568d242300#recordId=1.667367<\/a><\/p>\n\n\n\n<p>13 JUIN 2025 19h MAIRIE DE SAINT-MARC BREST &#8211; Conf\u00e9rence dessin\u00e9e avec Docteur Yan Marchand et moi-m\u00eame, qu&rsquo;on se le dise!<\/p>\n\n\n\n<figure class=\"wp-block-image size-large is-resized\"><a href=\"https:\/\/bibliotheque.brest-metropole.fr\/iguana\/www.main.cls?surl=search&amp;p=06473cb2-0843-11e5-b406-50568d242300#recordId=1.667367\" target=\"_blank\" rel=\" noreferrer noopener\"><img fetchpriority=\"high\" decoding=\"async\" width=\"723\" height=\"1024\" src=\"https:\/\/www.abirato.com\/abiratoshop\/wp-content\/uploads\/2025\/06\/CouvPhiloPourTous-723x1024.png\" alt=\"\" class=\"wp-image-9610\" style=\"width:487px;height:auto\" srcset=\"https:\/\/www.abirato.com\/abiratoshop\/wp-content\/uploads\/2025\/06\/CouvPhiloPourTous-723x1024.png 723w, https:\/\/www.abirato.com\/abiratoshop\/wp-content\/uploads\/2025\/06\/CouvPhiloPourTous-212x300.png 212w, https:\/\/www.abirato.com\/abiratoshop\/wp-content\/uploads\/2025\/06\/CouvPhiloPourTous-768x1087.png 768w, https:\/\/www.abirato.com\/abiratoshop\/wp-content\/uploads\/2025\/06\/CouvPhiloPourTous-1085x1536.png 1085w, https:\/\/www.abirato.com\/abiratoshop\/wp-content\/uploads\/2025\/06\/CouvPhiloPourTous-600x849.png 600w, https:\/\/www.abirato.com\/abiratoshop\/wp-content\/uploads\/2025\/06\/CouvPhiloPourTous.png 1112w\" sizes=\"(max-width: 723px) 100vw, 723px\" \/><\/a><\/figure>\n<div style=\"padding-bottom:20px; padding-top:10px;\" class=\"hupso-share-buttons\"><!-- Hupso Share Buttons - https:\/\/www.hupso.com\/share\/ --><a class=\"hupso_toolbar\" href=\"https:\/\/www.hupso.com\/share\/\"><img decoding=\"async\" src=\"https:\/\/static.hupso.com\/share\/buttons\/lang\/fr\/share-medium.png\" style=\"border:0px; padding-top: 5px; float:left;\" alt=\"Share Button\"\/><\/a><script type=\"text\/javascript\">var hupso_services_t=new Array(\"Twitter\",\"Facebook\",\"Google Plus\",\"Pinterest\",\"Linkedin\",\"Tumblr\");var hupso_background_t=\"#EAF4FF\";var hupso_border_t=\"#66CCFF\";var hupso_toolbar_size_t=\"medium\";var hupso_image_folder_url = \"\";var hupso_url_t=\"\";var hupso_title_t=\"PHILO%20POUR%20TOUS%20conf%C3%A9rence%20dessin%C3%A9e%2013%2F06%2F25\";<\/script><script type=\"text\/javascript\" src=\"https:\/\/static.hupso.com\/share\/js\/share_toolbar.js\"><\/script><!-- Hupso Share Buttons --><\/div>","protected":false},"excerpt":{"rendered":"<p>https:\/\/bibliotheque.brest-metropole.fr\/iguana\/www.main.cls?surl=search&amp;p=06473cb2-0843-11e5-b406-50568d242300#recordId=1.667367 13 JUIN 2025 19h MAIRIE DE SAINT-MARC BREST &#8211; Conf\u00e9rence dessin\u00e9e avec Docteur Yan Marchand et moi-m\u00eame, qu&rsquo;on se le dise!<\/p>\n","protected":false},"author":1,"featured_media":0,"comment_status":"open","ping_status":"open","sticky":false,"template":"","format":"standard","meta":{"_exactmetrics_skip_tracking":false,"_exactmetrics_sitenote_active":false,"_exactmetrics_sitenote_note":"","_exactmetrics_sitenote_category":0,"footnotes":""},"categories":[20,35,115,116,21,29,114,25,49],"tags":[],"class_list":["post-9609","post","type-post","status-publish","format-standard","hentry","category-actualites","category-dessin","category-illustration","category-litterature","category-manifestation","category-mes-creations","category-pour-les-grands","category-pour-les-loulous","category-spectacle"],"yoast_head":"<!-- This site is optimized with the Yoast SEO plugin v27.3 - https:\/\/yoast.com\/product\/yoast-seo-wordpress\/ -->\n<title>PHILO POUR TOUS conf\u00e9rence dessin\u00e9e 13\/06\/25 - MAISON DU RHU PHILO POUR TOUS<\/title>\n<meta name=\"robots\" content=\"index, follow, max-snippet:-1, max-image-preview:large, max-video-preview:-1\" \/>\n<link rel=\"canonical\" href=\"https:\/\/www.abirato.com\/abiratoshop\/philo-pour-tous-conference-dessinee\/\" \/>\n<meta property=\"og:locale\" content=\"fr_FR\" \/>\n<meta property=\"og:type\" content=\"article\" \/>\n<meta property=\"og:title\" content=\"PHILO POUR TOUS conf\u00e9rence dessin\u00e9e 13\/06\/25 - MAISON DU RHU PHILO POUR TOUS\" \/>\n<meta property=\"og:description\" content=\"https:\/\/bibliotheque.brest-metropole.fr\/iguana\/www.main.cls?surl=search&amp;p=06473cb2-0843-11e5-b406-50568d242300#recordId=1.667367 13 JUIN 2025 19h MAIRIE DE SAINT-MARC BREST &#8211; Conf\u00e9rence dessin\u00e9e avec Docteur Yan Marchand et moi-m\u00eame, qu&rsquo;on se le dise!\" \/>\n<meta property=\"og:url\" content=\"https:\/\/www.abirato.com\/abiratoshop\/philo-pour-tous-conference-dessinee\/\" \/>\n<meta property=\"og:site_name\" content=\"MAISON DU RHU\" \/>\n<meta property=\"article:published_time\" content=\"2025-06-10T12:50:43+00:00\" \/>\n<meta property=\"article:modified_time\" content=\"2025-12-09T08:20:22+00:00\" \/>\n<meta property=\"og:image\" content=\"https:\/\/www.abirato.com\/abiratoshop\/wp-content\/uploads\/2025\/06\/CouvPhiloPourTous-723x1024.png\" \/>\n\t<meta property=\"og:image:width\" content=\"723\" \/>\n\t<meta property=\"og:image:height\" content=\"1024\" \/>\n\t<meta property=\"og:image:type\" content=\"image\/png\" \/>\n<meta name=\"author\" content=\"abirato\" \/>\n<meta name=\"twitter:card\" content=\"summary_large_image\" \/>\n<meta name=\"twitter:label1\" content=\"\u00c9crit par\" \/>\n\t<meta name=\"twitter:data1\" content=\"abirato\" \/>\n\t<meta name=\"twitter:label2\" content=\"Dur\u00e9e de lecture estim\u00e9e\" \/>\n\t<meta name=\"twitter:data2\" content=\"1 minute\" \/>\n<script type=\"application\/ld+json\" class=\"yoast-schema-graph\">{\"@context\":\"https:\\\/\\\/schema.org\",\"@graph\":[{\"@type\":\"Article\",\"@id\":\"https:\\\/\\\/www.abirato.com\\\/abiratoshop\\\/philo-pour-tous-conference-dessinee\\\/#article\",\"isPartOf\":{\"@id\":\"https:\\\/\\\/www.abirato.com\\\/abiratoshop\\\/philo-pour-tous-conference-dessinee\\\/\"},\"author\":{\"name\":\"abirato\",\"@id\":\"https:\\\/\\\/www.abirato.com\\\/abiratoshop\\\/#\\\/schema\\\/person\\\/553088a5199198fb7d53b6ec6c53fa70\"},\"headline\":\"PHILO POUR TOUS conf\u00e9rence dessin\u00e9e 13\\\/06\\\/25\",\"datePublished\":\"2025-06-10T12:50:43+00:00\",\"dateModified\":\"2025-12-09T08:20:22+00:00\",\"mainEntityOfPage\":{\"@id\":\"https:\\\/\\\/www.abirato.com\\\/abiratoshop\\\/philo-pour-tous-conference-dessinee\\\/\"},\"wordCount\":49,\"commentCount\":0,\"publisher\":{\"@id\":\"https:\\\/\\\/www.abirato.com\\\/abiratoshop\\\/#organization\"},\"image\":{\"@id\":\"https:\\\/\\\/www.abirato.com\\\/abiratoshop\\\/philo-pour-tous-conference-dessinee\\\/#primaryimage\"},\"thumbnailUrl\":\"https:\\\/\\\/www.abirato.com\\\/abiratoshop\\\/wp-content\\\/uploads\\\/2025\\\/06\\\/CouvPhiloPourTous-723x1024.png\",\"articleSection\":[\"Actualit\u00e9s\",\"Dessin\",\"illustration\",\"Litt\u00e9rature\",\"Manifestation\",\"Mes cr\u00e9ations\",\"Pour les grands\",\"Pour les loulous\",\"Spectacle\"],\"inLanguage\":\"fr-FR\",\"potentialAction\":[{\"@type\":\"CommentAction\",\"name\":\"Comment\",\"target\":[\"https:\\\/\\\/www.abirato.com\\\/abiratoshop\\\/philo-pour-tous-conference-dessinee\\\/#respond\"]}]},{\"@type\":\"WebPage\",\"@id\":\"https:\\\/\\\/www.abirato.com\\\/abiratoshop\\\/philo-pour-tous-conference-dessinee\\\/\",\"url\":\"https:\\\/\\\/www.abirato.com\\\/abiratoshop\\\/philo-pour-tous-conference-dessinee\\\/\",\"name\":\"PHILO POUR TOUS conf\u00e9rence dessin\u00e9e 13\\\/06\\\/25 - MAISON DU RHU PHILO POUR TOUS\",\"isPartOf\":{\"@id\":\"https:\\\/\\\/www.abirato.com\\\/abiratoshop\\\/#website\"},\"primaryImageOfPage\":{\"@id\":\"https:\\\/\\\/www.abirato.com\\\/abiratoshop\\\/philo-pour-tous-conference-dessinee\\\/#primaryimage\"},\"image\":{\"@id\":\"https:\\\/\\\/www.abirato.com\\\/abiratoshop\\\/philo-pour-tous-conference-dessinee\\\/#primaryimage\"},\"thumbnailUrl\":\"https:\\\/\\\/www.abirato.com\\\/abiratoshop\\\/wp-content\\\/uploads\\\/2025\\\/06\\\/CouvPhiloPourTous-723x1024.png\",\"datePublished\":\"2025-06-10T12:50:43+00:00\",\"dateModified\":\"2025-12-09T08:20:22+00:00\",\"breadcrumb\":{\"@id\":\"https:\\\/\\\/www.abirato.com\\\/abiratoshop\\\/philo-pour-tous-conference-dessinee\\\/#breadcrumb\"},\"inLanguage\":\"fr-FR\",\"potentialAction\":[{\"@type\":\"ReadAction\",\"target\":[\"https:\\\/\\\/www.abirato.com\\\/abiratoshop\\\/philo-pour-tous-conference-dessinee\\\/\"]}]},{\"@type\":\"ImageObject\",\"inLanguage\":\"fr-FR\",\"@id\":\"https:\\\/\\\/www.abirato.com\\\/abiratoshop\\\/philo-pour-tous-conference-dessinee\\\/#primaryimage\",\"url\":\"https:\\\/\\\/www.abirato.com\\\/abiratoshop\\\/wp-content\\\/uploads\\\/2025\\\/06\\\/CouvPhiloPourTous.png\",\"contentUrl\":\"https:\\\/\\\/www.abirato.com\\\/abiratoshop\\\/wp-content\\\/uploads\\\/2025\\\/06\\\/CouvPhiloPourTous.png\",\"width\":1112,\"height\":1574},{\"@type\":\"BreadcrumbList\",\"@id\":\"https:\\\/\\\/www.abirato.com\\\/abiratoshop\\\/philo-pour-tous-conference-dessinee\\\/#breadcrumb\",\"itemListElement\":[{\"@type\":\"ListItem\",\"position\":1,\"name\":\"Accueil\",\"item\":\"https:\\\/\\\/www.abirato.com\\\/abiratoshop\\\/\"},{\"@type\":\"ListItem\",\"position\":2,\"name\":\"PHILO POUR TOUS conf\u00e9rence dessin\u00e9e 13\\\/06\\\/25\"}]},{\"@type\":\"WebSite\",\"@id\":\"https:\\\/\\\/www.abirato.com\\\/abiratoshop\\\/#website\",\"url\":\"https:\\\/\\\/www.abirato.com\\\/abiratoshop\\\/\",\"name\":\"MAISON DU RHU\",\"description\":\"sautez la barri\u00e8re\",\"publisher\":{\"@id\":\"https:\\\/\\\/www.abirato.com\\\/abiratoshop\\\/#organization\"},\"potentialAction\":[{\"@type\":\"SearchAction\",\"target\":{\"@type\":\"EntryPoint\",\"urlTemplate\":\"https:\\\/\\\/www.abirato.com\\\/abiratoshop\\\/?s={search_term_string}\"},\"query-input\":{\"@type\":\"PropertyValueSpecification\",\"valueRequired\":true,\"valueName\":\"search_term_string\"}}],\"inLanguage\":\"fr-FR\"},{\"@type\":\"Organization\",\"@id\":\"https:\\\/\\\/www.abirato.com\\\/abiratoshop\\\/#organization\",\"name\":\"MAISON DU RHU\",\"url\":\"https:\\\/\\\/www.abirato.com\\\/abiratoshop\\\/\",\"logo\":{\"@type\":\"ImageObject\",\"inLanguage\":\"fr-FR\",\"@id\":\"https:\\\/\\\/www.abirato.com\\\/abiratoshop\\\/#\\\/schema\\\/logo\\\/image\\\/\",\"url\":\"https:\\\/\\\/www.abirato.com\\\/abiratoshop\\\/wp-content\\\/uploads\\\/2022\\\/01\\\/cropped-cropped-Logorhu17bis-1BLC.png\",\"contentUrl\":\"https:\\\/\\\/www.abirato.com\\\/abiratoshop\\\/wp-content\\\/uploads\\\/2022\\\/01\\\/cropped-cropped-Logorhu17bis-1BLC.png\",\"width\":114,\"height\":150,\"caption\":\"MAISON DU RHU\"},\"image\":{\"@id\":\"https:\\\/\\\/www.abirato.com\\\/abiratoshop\\\/#\\\/schema\\\/logo\\\/image\\\/\"}},{\"@type\":\"Person\",\"@id\":\"https:\\\/\\\/www.abirato.com\\\/abiratoshop\\\/#\\\/schema\\\/person\\\/553088a5199198fb7d53b6ec6c53fa70\",\"name\":\"abirato\",\"image\":{\"@type\":\"ImageObject\",\"inLanguage\":\"fr-FR\",\"@id\":\"https:\\\/\\\/secure.gravatar.com\\\/avatar\\\/147dd4f916d1f1c76da309937c3c17056f52a2a278f85a2e35f7d3fc77931ff5?s=96&d=mm&r=g\",\"url\":\"https:\\\/\\\/secure.gravatar.com\\\/avatar\\\/147dd4f916d1f1c76da309937c3c17056f52a2a278f85a2e35f7d3fc77931ff5?s=96&d=mm&r=g\",\"contentUrl\":\"https:\\\/\\\/secure.gravatar.com\\\/avatar\\\/147dd4f916d1f1c76da309937c3c17056f52a2a278f85a2e35f7d3fc77931ff5?s=96&d=mm&r=g\",\"caption\":\"abirato\"},\"sameAs\":[\"http:\\\/\\\/www.abirato.com\"],\"url\":\"https:\\\/\\\/www.abirato.com\\\/abiratoshop\\\/author\\\/abirato\\\/\"}]}<\/script>\n<!-- \/ Yoast SEO plugin. -->","yoast_head_json":{"title":"PHILO POUR TOUS conf\u00e9rence dessin\u00e9e 13\/06\/25 - MAISON DU RHU PHILO POUR TOUS","robots":{"index":"index","follow":"follow","max-snippet":"max-snippet:-1","max-image-preview":"max-image-preview:large","max-video-preview":"max-video-preview:-1"},"canonical":"https:\/\/www.abirato.com\/abiratoshop\/philo-pour-tous-conference-dessinee\/","og_locale":"fr_FR","og_type":"article","og_title":"PHILO POUR TOUS conf\u00e9rence dessin\u00e9e 13\/06\/25 - MAISON DU RHU PHILO POUR TOUS","og_description":"https:\/\/bibliotheque.brest-metropole.fr\/iguana\/www.main.cls?surl=search&amp;p=06473cb2-0843-11e5-b406-50568d242300#recordId=1.667367 13 JUIN 2025 19h MAIRIE DE SAINT-MARC BREST &#8211; Conf\u00e9rence dessin\u00e9e avec Docteur Yan Marchand et moi-m\u00eame, qu&rsquo;on se le dise!","og_url":"https:\/\/www.abirato.com\/abiratoshop\/philo-pour-tous-conference-dessinee\/","og_site_name":"MAISON DU RHU","article_published_time":"2025-06-10T12:50:43+00:00","article_modified_time":"2025-12-09T08:20:22+00:00","og_image":[{"width":723,"height":1024,"url":"https:\/\/www.abirato.com\/abiratoshop\/wp-content\/uploads\/2025\/06\/CouvPhiloPourTous-723x1024.png","type":"image\/png"}],"author":"abirato","twitter_card":"summary_large_image","twitter_misc":{"\u00c9crit par":"abirato","Dur\u00e9e de lecture estim\u00e9e":"1 minute"},"schema":{"@context":"https:\/\/schema.org","@graph":[{"@type":"Article","@id":"https:\/\/www.abirato.com\/abiratoshop\/philo-pour-tous-conference-dessinee\/#article","isPartOf":{"@id":"https:\/\/www.abirato.com\/abiratoshop\/philo-pour-tous-conference-dessinee\/"},"author":{"name":"abirato","@id":"https:\/\/www.abirato.com\/abiratoshop\/#\/schema\/person\/553088a5199198fb7d53b6ec6c53fa70"},"headline":"PHILO POUR TOUS conf\u00e9rence dessin\u00e9e 13\/06\/25","datePublished":"2025-06-10T12:50:43+00:00","dateModified":"2025-12-09T08:20:22+00:00","mainEntityOfPage":{"@id":"https:\/\/www.abirato.com\/abiratoshop\/philo-pour-tous-conference-dessinee\/"},"wordCount":49,"commentCount":0,"publisher":{"@id":"https:\/\/www.abirato.com\/abiratoshop\/#organization"},"image":{"@id":"https:\/\/www.abirato.com\/abiratoshop\/philo-pour-tous-conference-dessinee\/#primaryimage"},"thumbnailUrl":"https:\/\/www.abirato.com\/abiratoshop\/wp-content\/uploads\/2025\/06\/CouvPhiloPourTous-723x1024.png","articleSection":["Actualit\u00e9s","Dessin","illustration","Litt\u00e9rature","Manifestation","Mes cr\u00e9ations","Pour les grands","Pour les loulous","Spectacle"],"inLanguage":"fr-FR","potentialAction":[{"@type":"CommentAction","name":"Comment","target":["https:\/\/www.abirato.com\/abiratoshop\/philo-pour-tous-conference-dessinee\/#respond"]}]},{"@type":"WebPage","@id":"https:\/\/www.abirato.com\/abiratoshop\/philo-pour-tous-conference-dessinee\/","url":"https:\/\/www.abirato.com\/abiratoshop\/philo-pour-tous-conference-dessinee\/","name":"PHILO POUR TOUS conf\u00e9rence dessin\u00e9e 13\/06\/25 - MAISON DU RHU PHILO POUR TOUS","isPartOf":{"@id":"https:\/\/www.abirato.com\/abiratoshop\/#website"},"primaryImageOfPage":{"@id":"https:\/\/www.abirato.com\/abiratoshop\/philo-pour-tous-conference-dessinee\/#primaryimage"},"image":{"@id":"https:\/\/www.abirato.com\/abiratoshop\/philo-pour-tous-conference-dessinee\/#primaryimage"},"thumbnailUrl":"https:\/\/www.abirato.com\/abiratoshop\/wp-content\/uploads\/2025\/06\/CouvPhiloPourTous-723x1024.png","datePublished":"2025-06-10T12:50:43+00:00","dateModified":"2025-12-09T08:20:22+00:00","breadcrumb":{"@id":"https:\/\/www.abirato.com\/abiratoshop\/philo-pour-tous-conference-dessinee\/#breadcrumb"},"inLanguage":"fr-FR","potentialAction":[{"@type":"ReadAction","target":["https:\/\/www.abirato.com\/abiratoshop\/philo-pour-tous-conference-dessinee\/"]}]},{"@type":"ImageObject","inLanguage":"fr-FR","@id":"https:\/\/www.abirato.com\/abiratoshop\/philo-pour-tous-conference-dessinee\/#primaryimage","url":"https:\/\/www.abirato.com\/abiratoshop\/wp-content\/uploads\/2025\/06\/CouvPhiloPourTous.png","contentUrl":"https:\/\/www.abirato.com\/abiratoshop\/wp-content\/uploads\/2025\/06\/CouvPhiloPourTous.png","width":1112,"height":1574},{"@type":"BreadcrumbList","@id":"https:\/\/www.abirato.com\/abiratoshop\/philo-pour-tous-conference-dessinee\/#breadcrumb","itemListElement":[{"@type":"ListItem","position":1,"name":"Accueil","item":"https:\/\/www.abirato.com\/abiratoshop\/"},{"@type":"ListItem","position":2,"name":"PHILO POUR TOUS conf\u00e9rence dessin\u00e9e 13\/06\/25"}]},{"@type":"WebSite","@id":"https:\/\/www.abirato.com\/abiratoshop\/#website","url":"https:\/\/www.abirato.com\/abiratoshop\/","name":"MAISON DU RHU","description":"sautez la barri\u00e8re","publisher":{"@id":"https:\/\/www.abirato.com\/abiratoshop\/#organization"},"potentialAction":[{"@type":"SearchAction","target":{"@type":"EntryPoint","urlTemplate":"https:\/\/www.abirato.com\/abiratoshop\/?s={search_term_string}"},"query-input":{"@type":"PropertyValueSpecification","valueRequired":true,"valueName":"search_term_string"}}],"inLanguage":"fr-FR"},{"@type":"Organization","@id":"https:\/\/www.abirato.com\/abiratoshop\/#organization","name":"MAISON DU RHU","url":"https:\/\/www.abirato.com\/abiratoshop\/","logo":{"@type":"ImageObject","inLanguage":"fr-FR","@id":"https:\/\/www.abirato.com\/abiratoshop\/#\/schema\/logo\/image\/","url":"https:\/\/www.abirato.com\/abiratoshop\/wp-content\/uploads\/2022\/01\/cropped-cropped-Logorhu17bis-1BLC.png","contentUrl":"https:\/\/www.abirato.com\/abiratoshop\/wp-content\/uploads\/2022\/01\/cropped-cropped-Logorhu17bis-1BLC.png","width":114,"height":150,"caption":"MAISON DU RHU"},"image":{"@id":"https:\/\/www.abirato.com\/abiratoshop\/#\/schema\/logo\/image\/"}},{"@type":"Person","@id":"https:\/\/www.abirato.com\/abiratoshop\/#\/schema\/person\/553088a5199198fb7d53b6ec6c53fa70","name":"abirato","image":{"@type":"ImageObject","inLanguage":"fr-FR","@id":"https:\/\/secure.gravatar.com\/avatar\/147dd4f916d1f1c76da309937c3c17056f52a2a278f85a2e35f7d3fc77931ff5?s=96&d=mm&r=g","url":"https:\/\/secure.gravatar.com\/avatar\/147dd4f916d1f1c76da309937c3c17056f52a2a278f85a2e35f7d3fc77931ff5?s=96&d=mm&r=g","contentUrl":"https:\/\/secure.gravatar.com\/avatar\/147dd4f916d1f1c76da309937c3c17056f52a2a278f85a2e35f7d3fc77931ff5?s=96&d=mm&r=g","caption":"abirato"},"sameAs":["http:\/\/www.abirato.com"],"url":"https:\/\/www.abirato.com\/abiratoshop\/author\/abirato\/"}]}},"_links":{"self":[{"href":"https:\/\/www.abirato.com\/abiratoshop\/wp-json\/wp\/v2\/posts\/9609","targetHints":{"allow":["GET"]}}],"collection":[{"href":"https:\/\/www.abirato.com\/abiratoshop\/wp-json\/wp\/v2\/posts"}],"about":[{"href":"https:\/\/www.abirato.com\/abiratoshop\/wp-json\/wp\/v2\/types\/post"}],"author":[{"embeddable":true,"href":"https:\/\/www.abirato.com\/abiratoshop\/wp-json\/wp\/v2\/users\/1"}],"replies":[{"embeddable":true,"href":"https:\/\/www.abirato.com\/abiratoshop\/wp-json\/wp\/v2\/comments?post=9609"}],"version-history":[{"count":6,"href":"https:\/\/www.abirato.com\/abiratoshop\/wp-json\/wp\/v2\/posts\/9609\/revisions"}],"predecessor-version":[{"id":9679,"href":"https:\/\/www.abirato.com\/abiratoshop\/wp-json\/wp\/v2\/posts\/9609\/revisions\/9679"}],"wp:attachment":[{"href":"https:\/\/www.abirato.com\/abiratoshop\/wp-json\/wp\/v2\/media?parent=9609"}],"wp:term":[{"taxonomy":"category","embeddable":true,"href":"https:\/\/www.abirato.com\/abiratoshop\/wp-json\/wp\/v2\/categories?post=9609"},{"taxonomy":"post_tag","embeddable":true,"href":"https:\/\/www.abirato.com\/abiratoshop\/wp-json\/wp\/v2\/tags?post=9609"}],"curies":[{"name":"wp","href":"https:\/\/api.w.org\/{rel}","templated":true}]}}