{"id":5216,"date":"2019-12-04T09:02:59","date_gmt":"2019-12-04T08:02:59","guid":{"rendered":"http:\/\/www.abirato.com\/abiratoshop\/?p=5216"},"modified":"2019-12-04T17:28:08","modified_gmt":"2019-12-04T16:28:08","slug":"art-en-greve","status":"publish","type":"post","link":"https:\/\/www.abirato.com\/abiratoshop\/art-en-greve\/","title":{"rendered":"Art en gr\u00e8ve"},"content":{"rendered":"\n<p align=\"justify\">Demain c&rsquo;est la gr\u00e8ve g\u00e9n\u00e9rale, toutes professions confondues, dans l&rsquo;espoir que l&rsquo;\u00e9tat fran\u00e7ais op\u00e8re de v\u00e9ritables r\u00e9formes, son travail prioritaire, \u00e0 savoir am\u00e9liorer les services publics (acc\u00e8s \u00e0 la sant\u00e9, \u00e0 l&rsquo;\u00e9ducation, solidarit\u00e9, retraite d\u00e9cente, \u00e9quit\u00e9), et non le d\u00e9truire au profit du seul secteur priv\u00e9 (inaccessible aux foyers modestes) et des multinationales comme il le fait malheureusement depuis des d\u00e9cennies&#8230; Et plus activement encore sous ce gouvernement, violent, dont ce qu&rsquo;il ose appeler \u00ab\u00a0r\u00e9formes\u00a0\u00bb d\u00e9trousse directement les foyers les plus modestes, les situations les plus pr\u00e9caires: \u00e9coles, h\u00f4pitaux, protection des personnes \u00e2g\u00e9es, acteurs culturels, associations&#8230; La paup\u00e9risation est d\u00e9sormais bien visible partout, dans les \u00e9tablissements publics, insalubres, d\u00e9bord\u00e9s, obsol\u00e8tes, tout le monde s&rsquo;en plaint et l&rsquo;\u00e9tat ne fait rien&#8230; <br><br>Par ailleurs, les artistes professionnels sont de plus en plus d\u00e9munis et soumis \u00e0 des pressions financi\u00e8res et administratives insoutenables (charges sociales, cotisations retraites exorbitantes, aides inexistantes, diffuseurs et autres clients qui en demandent toujours plus pour de moins en moins cher, voire exigent la gratuit\u00e9, se plaignant de ne plus avoir les moyens eux-m\u00eame, m\u00e9c\u00e9nat an\u00e9anti&#8230;). Dans de telles conditions, nos m\u00e9tiers sont vou\u00e9s \u00e0 dispara\u00eetre, bient\u00f4t remplac\u00e9s par du simple amateurisme du dimanche, en pur b\u00e9n\u00e9volat, si nous laissons faire l&rsquo;\u00e9tat, devoir exercer un \u00ab\u00a0vrai m\u00e9tier\u00a0\u00bb pour pouvoir se permettre le luxe d&rsquo;\u00eatre cr\u00e9ateur \u00ab\u00a0\u00e0 c\u00f4t\u00e9\u00a0\u00bb, par simple hobby, passion (alors que les \u00e9coles d&rsquo;art, tr\u00e8s ch\u00e8res, foisonnent curieusement faisant croire au contraire \u00e0 leurs jeunes \u00e9tudiants que la professionnalisation est possible pour tous). Pourtant, OUI: cr\u00e9ateur EST un vrai m\u00e9tier, \u00e0 plein temps, sans aucune vacances ni cong\u00e9 maladie, qui demande m\u00eame de plus en plus de comp\u00e9tences pouss\u00e9es et d&rsquo;\u00e9nergie, de moyens, et g\u00e9n\u00e8re qui plus est des milliards de b\u00e9n\u00e9fices chaque ann\u00e9e (plus que l&rsquo;industrie automobile), faisant circuler son \u00e9conomie \u00e0 quasiment toutes les branches professionnelles et profiter surtout toute la soci\u00e9t\u00e9 du fruit de son travail (inquantifiable, mais bien r\u00e9el, support de communication, d&rsquo;\u00e9ducation, de d\u00e9tente de tout un chacun)&#8230;<br>L&rsquo;art et l&rsquo;artisanat sont indispensables \u00e0 la soci\u00e9t\u00e9, il faut les soutenir, au m\u00eame titre qu&rsquo;un service public de qualit\u00e9, avec PLUS de moyens, \u00e0 l&rsquo;inverse des r\u00e9formes propos\u00e9es qui en ponctionnent ouvertement ann\u00e9e apr\u00e8s ann\u00e9e. Bref.<br>Manifestation \u00e0 <strong>Brest \u00e0 11h place de la libert\u00e9<\/strong> pour esp\u00e9rer conserver nos droits et ceux de nos enfants.<\/p>\n\n\n\n<p><a href=\"http:\/\/artengreve.com\/?fbclid=IwAR3jLFZsMeeTWsaht2F9cSRLKZhJt_UUoX4arkRVrjpzUwzs8kxaPjpXI_M\">http:\/\/artengreve.com\/?fbclid=IwAR3jLFZsMeeTWsaht2F9cSRLKZhJt_UUoX4arkRVrjpzUwzs8kxaPjpXI_M<\/a><\/p>\n<div style=\"padding-bottom:20px; padding-top:10px;\" class=\"hupso-share-buttons\"><!-- Hupso Share Buttons - https:\/\/www.hupso.com\/share\/ --><a class=\"hupso_toolbar\" href=\"https:\/\/www.hupso.com\/share\/\"><img decoding=\"async\" src=\"https:\/\/static.hupso.com\/share\/buttons\/lang\/fr\/share-medium.png\" style=\"border:0px; padding-top: 5px; float:left;\" alt=\"Share Button\"\/><\/a><script type=\"text\/javascript\">var hupso_services_t=new Array(\"Twitter\",\"Facebook\",\"Google Plus\",\"Pinterest\",\"Linkedin\",\"Tumblr\");var hupso_background_t=\"#EAF4FF\";var hupso_border_t=\"#66CCFF\";var hupso_toolbar_size_t=\"medium\";var hupso_image_folder_url = \"\";var hupso_url_t=\"\";var hupso_title_t=\"Art%20en%20gr%C3%A8ve\";<\/script><script type=\"text\/javascript\" src=\"https:\/\/static.hupso.com\/share\/js\/share_toolbar.js\"><\/script><!-- Hupso Share Buttons --><\/div>","protected":false},"excerpt":{"rendered":"<p>Demain c&rsquo;est la gr\u00e8ve g\u00e9n\u00e9rale, toutes professions confondues, dans l&rsquo;espoir que l&rsquo;\u00e9tat fran\u00e7ais op\u00e8re de v\u00e9ritables r\u00e9formes, son travail prioritaire, \u00e0 savoir am\u00e9liorer les services publics (acc\u00e8s \u00e0 la sant\u00e9, \u00e0 l&rsquo;\u00e9ducation, solidarit\u00e9, retraite d\u00e9cente, \u00e9quit\u00e9), et non le d\u00e9truire au profit du seul secteur priv\u00e9 (inaccessible aux foyers modestes) et des multinationales comme il<\/p><\/div>\n<div class=\"blog-btn\"><a href=\"https:\/\/www.abirato.com\/abiratoshop\/art-en-greve\/\" class=\"home-blog-btn\">Lire la suite<\/a><\/p>\n","protected":false},"author":1,"featured_media":5270,"comment_status":"open","ping_status":"open","sticky":false,"template":"","format":"standard","meta":{"_exactmetrics_skip_tracking":false,"_exactmetrics_sitenote_active":false,"_exactmetrics_sitenote_note":"","_exactmetrics_sitenote_category":0,"footnotes":""},"categories":[21,114],"tags":[],"class_list":["post-5216","post","type-post","status-publish","format-standard","has-post-thumbnail","hentry","category-manifestation","category-pour-les-grands"],"yoast_head":"<!-- This site is optimized with the Yoast SEO plugin v27.3 - https:\/\/yoast.com\/product\/yoast-seo-wordpress\/ -->\n<title>Art en gr\u00e8ve - MAISON DU RHU<\/title>\n<meta name=\"robots\" content=\"index, follow, max-snippet:-1, max-image-preview:large, max-video-preview:-1\" \/>\n<link rel=\"canonical\" href=\"https:\/\/www.abirato.com\/abiratoshop\/art-en-greve\/\" \/>\n<meta property=\"og:locale\" content=\"fr_FR\" \/>\n<meta property=\"og:type\" content=\"article\" \/>\n<meta property=\"og:title\" content=\"Art en gr\u00e8ve - MAISON DU RHU\" \/>\n<meta property=\"og:description\" content=\"Demain c&rsquo;est la gr\u00e8ve g\u00e9n\u00e9rale, toutes professions confondues, dans l&rsquo;espoir que l&rsquo;\u00e9tat fran\u00e7ais op\u00e8re de v\u00e9ritables r\u00e9formes, son travail prioritaire, \u00e0 savoir am\u00e9liorer les services publics (acc\u00e8s \u00e0 la sant\u00e9, \u00e0 l&rsquo;\u00e9ducation, solidarit\u00e9, retraite d\u00e9cente, \u00e9quit\u00e9), et non le d\u00e9truire au profit du seul secteur priv\u00e9 (inaccessible aux foyers modestes) et des multinationales comme ilLire la suite\" \/>\n<meta property=\"og:url\" content=\"https:\/\/www.abirato.com\/abiratoshop\/art-en-greve\/\" \/>\n<meta property=\"og:site_name\" content=\"MAISON DU RHU\" \/>\n<meta property=\"article:published_time\" content=\"2019-12-04T08:02:59+00:00\" \/>\n<meta property=\"article:modified_time\" content=\"2019-12-04T16:28:08+00:00\" \/>\n<meta property=\"og:image\" content=\"https:\/\/www.abirato.com\/abiratoshop\/wp-content\/uploads\/2019\/12\/artengreve.png\" \/>\n\t<meta property=\"og:image:width\" content=\"1598\" \/>\n\t<meta property=\"og:image:height\" content=\"909\" \/>\n\t<meta property=\"og:image:type\" content=\"image\/png\" \/>\n<meta name=\"author\" content=\"abirato\" \/>\n<meta name=\"twitter:card\" content=\"summary_large_image\" \/>\n<meta name=\"twitter:label1\" content=\"\u00c9crit par\" \/>\n\t<meta name=\"twitter:data1\" content=\"abirato\" \/>\n\t<meta name=\"twitter:label2\" content=\"Dur\u00e9e de lecture estim\u00e9e\" \/>\n\t<meta name=\"twitter:data2\" content=\"2 minutes\" \/>\n<script type=\"application\/ld+json\" class=\"yoast-schema-graph\">{\"@context\":\"https:\\\/\\\/schema.org\",\"@graph\":[{\"@type\":\"Article\",\"@id\":\"https:\\\/\\\/www.abirato.com\\\/abiratoshop\\\/art-en-greve\\\/#article\",\"isPartOf\":{\"@id\":\"https:\\\/\\\/www.abirato.com\\\/abiratoshop\\\/art-en-greve\\\/\"},\"author\":{\"name\":\"abirato\",\"@id\":\"https:\\\/\\\/www.abirato.com\\\/abiratoshop\\\/#\\\/schema\\\/person\\\/553088a5199198fb7d53b6ec6c53fa70\"},\"headline\":\"Art en gr\u00e8ve\",\"datePublished\":\"2019-12-04T08:02:59+00:00\",\"dateModified\":\"2019-12-04T16:28:08+00:00\",\"mainEntityOfPage\":{\"@id\":\"https:\\\/\\\/www.abirato.com\\\/abiratoshop\\\/art-en-greve\\\/\"},\"wordCount\":453,\"commentCount\":0,\"publisher\":{\"@id\":\"https:\\\/\\\/www.abirato.com\\\/abiratoshop\\\/#organization\"},\"image\":{\"@id\":\"https:\\\/\\\/www.abirato.com\\\/abiratoshop\\\/art-en-greve\\\/#primaryimage\"},\"thumbnailUrl\":\"https:\\\/\\\/www.abirato.com\\\/abiratoshop\\\/wp-content\\\/uploads\\\/2019\\\/12\\\/artengreve.png\",\"articleSection\":[\"Manifestation\",\"Pour les grands\"],\"inLanguage\":\"fr-FR\",\"potentialAction\":[{\"@type\":\"CommentAction\",\"name\":\"Comment\",\"target\":[\"https:\\\/\\\/www.abirato.com\\\/abiratoshop\\\/art-en-greve\\\/#respond\"]}]},{\"@type\":\"WebPage\",\"@id\":\"https:\\\/\\\/www.abirato.com\\\/abiratoshop\\\/art-en-greve\\\/\",\"url\":\"https:\\\/\\\/www.abirato.com\\\/abiratoshop\\\/art-en-greve\\\/\",\"name\":\"Art en gr\u00e8ve - MAISON DU RHU\",\"isPartOf\":{\"@id\":\"https:\\\/\\\/www.abirato.com\\\/abiratoshop\\\/#website\"},\"primaryImageOfPage\":{\"@id\":\"https:\\\/\\\/www.abirato.com\\\/abiratoshop\\\/art-en-greve\\\/#primaryimage\"},\"image\":{\"@id\":\"https:\\\/\\\/www.abirato.com\\\/abiratoshop\\\/art-en-greve\\\/#primaryimage\"},\"thumbnailUrl\":\"https:\\\/\\\/www.abirato.com\\\/abiratoshop\\\/wp-content\\\/uploads\\\/2019\\\/12\\\/artengreve.png\",\"datePublished\":\"2019-12-04T08:02:59+00:00\",\"dateModified\":\"2019-12-04T16:28:08+00:00\",\"breadcrumb\":{\"@id\":\"https:\\\/\\\/www.abirato.com\\\/abiratoshop\\\/art-en-greve\\\/#breadcrumb\"},\"inLanguage\":\"fr-FR\",\"potentialAction\":[{\"@type\":\"ReadAction\",\"target\":[\"https:\\\/\\\/www.abirato.com\\\/abiratoshop\\\/art-en-greve\\\/\"]}]},{\"@type\":\"ImageObject\",\"inLanguage\":\"fr-FR\",\"@id\":\"https:\\\/\\\/www.abirato.com\\\/abiratoshop\\\/art-en-greve\\\/#primaryimage\",\"url\":\"https:\\\/\\\/www.abirato.com\\\/abiratoshop\\\/wp-content\\\/uploads\\\/2019\\\/12\\\/artengreve.png\",\"contentUrl\":\"https:\\\/\\\/www.abirato.com\\\/abiratoshop\\\/wp-content\\\/uploads\\\/2019\\\/12\\\/artengreve.png\",\"width\":1598,\"height\":909},{\"@type\":\"BreadcrumbList\",\"@id\":\"https:\\\/\\\/www.abirato.com\\\/abiratoshop\\\/art-en-greve\\\/#breadcrumb\",\"itemListElement\":[{\"@type\":\"ListItem\",\"position\":1,\"name\":\"Accueil\",\"item\":\"https:\\\/\\\/www.abirato.com\\\/abiratoshop\\\/\"},{\"@type\":\"ListItem\",\"position\":2,\"name\":\"Art en gr\u00e8ve\"}]},{\"@type\":\"WebSite\",\"@id\":\"https:\\\/\\\/www.abirato.com\\\/abiratoshop\\\/#website\",\"url\":\"https:\\\/\\\/www.abirato.com\\\/abiratoshop\\\/\",\"name\":\"MAISON DU RHU\",\"description\":\"sautez la barri\u00e8re\",\"publisher\":{\"@id\":\"https:\\\/\\\/www.abirato.com\\\/abiratoshop\\\/#organization\"},\"potentialAction\":[{\"@type\":\"SearchAction\",\"target\":{\"@type\":\"EntryPoint\",\"urlTemplate\":\"https:\\\/\\\/www.abirato.com\\\/abiratoshop\\\/?s={search_term_string}\"},\"query-input\":{\"@type\":\"PropertyValueSpecification\",\"valueRequired\":true,\"valueName\":\"search_term_string\"}}],\"inLanguage\":\"fr-FR\"},{\"@type\":\"Organization\",\"@id\":\"https:\\\/\\\/www.abirato.com\\\/abiratoshop\\\/#organization\",\"name\":\"MAISON DU RHU\",\"url\":\"https:\\\/\\\/www.abirato.com\\\/abiratoshop\\\/\",\"logo\":{\"@type\":\"ImageObject\",\"inLanguage\":\"fr-FR\",\"@id\":\"https:\\\/\\\/www.abirato.com\\\/abiratoshop\\\/#\\\/schema\\\/logo\\\/image\\\/\",\"url\":\"https:\\\/\\\/www.abirato.com\\\/abiratoshop\\\/wp-content\\\/uploads\\\/2022\\\/01\\\/cropped-cropped-Logorhu17bis-1BLC.png\",\"contentUrl\":\"https:\\\/\\\/www.abirato.com\\\/abiratoshop\\\/wp-content\\\/uploads\\\/2022\\\/01\\\/cropped-cropped-Logorhu17bis-1BLC.png\",\"width\":114,\"height\":150,\"caption\":\"MAISON DU RHU\"},\"image\":{\"@id\":\"https:\\\/\\\/www.abirato.com\\\/abiratoshop\\\/#\\\/schema\\\/logo\\\/image\\\/\"}},{\"@type\":\"Person\",\"@id\":\"https:\\\/\\\/www.abirato.com\\\/abiratoshop\\\/#\\\/schema\\\/person\\\/553088a5199198fb7d53b6ec6c53fa70\",\"name\":\"abirato\",\"image\":{\"@type\":\"ImageObject\",\"inLanguage\":\"fr-FR\",\"@id\":\"https:\\\/\\\/secure.gravatar.com\\\/avatar\\\/147dd4f916d1f1c76da309937c3c17056f52a2a278f85a2e35f7d3fc77931ff5?s=96&d=mm&r=g\",\"url\":\"https:\\\/\\\/secure.gravatar.com\\\/avatar\\\/147dd4f916d1f1c76da309937c3c17056f52a2a278f85a2e35f7d3fc77931ff5?s=96&d=mm&r=g\",\"contentUrl\":\"https:\\\/\\\/secure.gravatar.com\\\/avatar\\\/147dd4f916d1f1c76da309937c3c17056f52a2a278f85a2e35f7d3fc77931ff5?s=96&d=mm&r=g\",\"caption\":\"abirato\"},\"sameAs\":[\"http:\\\/\\\/www.abirato.com\"],\"url\":\"https:\\\/\\\/www.abirato.com\\\/abiratoshop\\\/author\\\/abirato\\\/\"}]}<\/script>\n<!-- \/ Yoast SEO plugin. -->","yoast_head_json":{"title":"Art en gr\u00e8ve - MAISON DU RHU","robots":{"index":"index","follow":"follow","max-snippet":"max-snippet:-1","max-image-preview":"max-image-preview:large","max-video-preview":"max-video-preview:-1"},"canonical":"https:\/\/www.abirato.com\/abiratoshop\/art-en-greve\/","og_locale":"fr_FR","og_type":"article","og_title":"Art en gr\u00e8ve - MAISON DU RHU","og_description":"Demain c&rsquo;est la gr\u00e8ve g\u00e9n\u00e9rale, toutes professions confondues, dans l&rsquo;espoir que l&rsquo;\u00e9tat fran\u00e7ais op\u00e8re de v\u00e9ritables r\u00e9formes, son travail prioritaire, \u00e0 savoir am\u00e9liorer les services publics (acc\u00e8s \u00e0 la sant\u00e9, \u00e0 l&rsquo;\u00e9ducation, solidarit\u00e9, retraite d\u00e9cente, \u00e9quit\u00e9), et non le d\u00e9truire au profit du seul secteur priv\u00e9 (inaccessible aux foyers modestes) et des multinationales comme ilLire la suite","og_url":"https:\/\/www.abirato.com\/abiratoshop\/art-en-greve\/","og_site_name":"MAISON DU RHU","article_published_time":"2019-12-04T08:02:59+00:00","article_modified_time":"2019-12-04T16:28:08+00:00","og_image":[{"width":1598,"height":909,"url":"https:\/\/www.abirato.com\/abiratoshop\/wp-content\/uploads\/2019\/12\/artengreve.png","type":"image\/png"}],"author":"abirato","twitter_card":"summary_large_image","twitter_misc":{"\u00c9crit par":"abirato","Dur\u00e9e de lecture estim\u00e9e":"2 minutes"},"schema":{"@context":"https:\/\/schema.org","@graph":[{"@type":"Article","@id":"https:\/\/www.abirato.com\/abiratoshop\/art-en-greve\/#article","isPartOf":{"@id":"https:\/\/www.abirato.com\/abiratoshop\/art-en-greve\/"},"author":{"name":"abirato","@id":"https:\/\/www.abirato.com\/abiratoshop\/#\/schema\/person\/553088a5199198fb7d53b6ec6c53fa70"},"headline":"Art en gr\u00e8ve","datePublished":"2019-12-04T08:02:59+00:00","dateModified":"2019-12-04T16:28:08+00:00","mainEntityOfPage":{"@id":"https:\/\/www.abirato.com\/abiratoshop\/art-en-greve\/"},"wordCount":453,"commentCount":0,"publisher":{"@id":"https:\/\/www.abirato.com\/abiratoshop\/#organization"},"image":{"@id":"https:\/\/www.abirato.com\/abiratoshop\/art-en-greve\/#primaryimage"},"thumbnailUrl":"https:\/\/www.abirato.com\/abiratoshop\/wp-content\/uploads\/2019\/12\/artengreve.png","articleSection":["Manifestation","Pour les grands"],"inLanguage":"fr-FR","potentialAction":[{"@type":"CommentAction","name":"Comment","target":["https:\/\/www.abirato.com\/abiratoshop\/art-en-greve\/#respond"]}]},{"@type":"WebPage","@id":"https:\/\/www.abirato.com\/abiratoshop\/art-en-greve\/","url":"https:\/\/www.abirato.com\/abiratoshop\/art-en-greve\/","name":"Art en gr\u00e8ve - MAISON DU RHU","isPartOf":{"@id":"https:\/\/www.abirato.com\/abiratoshop\/#website"},"primaryImageOfPage":{"@id":"https:\/\/www.abirato.com\/abiratoshop\/art-en-greve\/#primaryimage"},"image":{"@id":"https:\/\/www.abirato.com\/abiratoshop\/art-en-greve\/#primaryimage"},"thumbnailUrl":"https:\/\/www.abirato.com\/abiratoshop\/wp-content\/uploads\/2019\/12\/artengreve.png","datePublished":"2019-12-04T08:02:59+00:00","dateModified":"2019-12-04T16:28:08+00:00","breadcrumb":{"@id":"https:\/\/www.abirato.com\/abiratoshop\/art-en-greve\/#breadcrumb"},"inLanguage":"fr-FR","potentialAction":[{"@type":"ReadAction","target":["https:\/\/www.abirato.com\/abiratoshop\/art-en-greve\/"]}]},{"@type":"ImageObject","inLanguage":"fr-FR","@id":"https:\/\/www.abirato.com\/abiratoshop\/art-en-greve\/#primaryimage","url":"https:\/\/www.abirato.com\/abiratoshop\/wp-content\/uploads\/2019\/12\/artengreve.png","contentUrl":"https:\/\/www.abirato.com\/abiratoshop\/wp-content\/uploads\/2019\/12\/artengreve.png","width":1598,"height":909},{"@type":"BreadcrumbList","@id":"https:\/\/www.abirato.com\/abiratoshop\/art-en-greve\/#breadcrumb","itemListElement":[{"@type":"ListItem","position":1,"name":"Accueil","item":"https:\/\/www.abirato.com\/abiratoshop\/"},{"@type":"ListItem","position":2,"name":"Art en gr\u00e8ve"}]},{"@type":"WebSite","@id":"https:\/\/www.abirato.com\/abiratoshop\/#website","url":"https:\/\/www.abirato.com\/abiratoshop\/","name":"MAISON DU RHU","description":"sautez la barri\u00e8re","publisher":{"@id":"https:\/\/www.abirato.com\/abiratoshop\/#organization"},"potentialAction":[{"@type":"SearchAction","target":{"@type":"EntryPoint","urlTemplate":"https:\/\/www.abirato.com\/abiratoshop\/?s={search_term_string}"},"query-input":{"@type":"PropertyValueSpecification","valueRequired":true,"valueName":"search_term_string"}}],"inLanguage":"fr-FR"},{"@type":"Organization","@id":"https:\/\/www.abirato.com\/abiratoshop\/#organization","name":"MAISON DU RHU","url":"https:\/\/www.abirato.com\/abiratoshop\/","logo":{"@type":"ImageObject","inLanguage":"fr-FR","@id":"https:\/\/www.abirato.com\/abiratoshop\/#\/schema\/logo\/image\/","url":"https:\/\/www.abirato.com\/abiratoshop\/wp-content\/uploads\/2022\/01\/cropped-cropped-Logorhu17bis-1BLC.png","contentUrl":"https:\/\/www.abirato.com\/abiratoshop\/wp-content\/uploads\/2022\/01\/cropped-cropped-Logorhu17bis-1BLC.png","width":114,"height":150,"caption":"MAISON DU RHU"},"image":{"@id":"https:\/\/www.abirato.com\/abiratoshop\/#\/schema\/logo\/image\/"}},{"@type":"Person","@id":"https:\/\/www.abirato.com\/abiratoshop\/#\/schema\/person\/553088a5199198fb7d53b6ec6c53fa70","name":"abirato","image":{"@type":"ImageObject","inLanguage":"fr-FR","@id":"https:\/\/secure.gravatar.com\/avatar\/147dd4f916d1f1c76da309937c3c17056f52a2a278f85a2e35f7d3fc77931ff5?s=96&d=mm&r=g","url":"https:\/\/secure.gravatar.com\/avatar\/147dd4f916d1f1c76da309937c3c17056f52a2a278f85a2e35f7d3fc77931ff5?s=96&d=mm&r=g","contentUrl":"https:\/\/secure.gravatar.com\/avatar\/147dd4f916d1f1c76da309937c3c17056f52a2a278f85a2e35f7d3fc77931ff5?s=96&d=mm&r=g","caption":"abirato"},"sameAs":["http:\/\/www.abirato.com"],"url":"https:\/\/www.abirato.com\/abiratoshop\/author\/abirato\/"}]}},"_links":{"self":[{"href":"https:\/\/www.abirato.com\/abiratoshop\/wp-json\/wp\/v2\/posts\/5216","targetHints":{"allow":["GET"]}}],"collection":[{"href":"https:\/\/www.abirato.com\/abiratoshop\/wp-json\/wp\/v2\/posts"}],"about":[{"href":"https:\/\/www.abirato.com\/abiratoshop\/wp-json\/wp\/v2\/types\/post"}],"author":[{"embeddable":true,"href":"https:\/\/www.abirato.com\/abiratoshop\/wp-json\/wp\/v2\/users\/1"}],"replies":[{"embeddable":true,"href":"https:\/\/www.abirato.com\/abiratoshop\/wp-json\/wp\/v2\/comments?post=5216"}],"version-history":[{"count":49,"href":"https:\/\/www.abirato.com\/abiratoshop\/wp-json\/wp\/v2\/posts\/5216\/revisions"}],"predecessor-version":[{"id":5266,"href":"https:\/\/www.abirato.com\/abiratoshop\/wp-json\/wp\/v2\/posts\/5216\/revisions\/5266"}],"wp:featuredmedia":[{"embeddable":true,"href":"https:\/\/www.abirato.com\/abiratoshop\/wp-json\/wp\/v2\/media\/5270"}],"wp:attachment":[{"href":"https:\/\/www.abirato.com\/abiratoshop\/wp-json\/wp\/v2\/media?parent=5216"}],"wp:term":[{"taxonomy":"category","embeddable":true,"href":"https:\/\/www.abirato.com\/abiratoshop\/wp-json\/wp\/v2\/categories?post=5216"},{"taxonomy":"post_tag","embeddable":true,"href":"https:\/\/www.abirato.com\/abiratoshop\/wp-json\/wp\/v2\/tags?post=5216"}],"curies":[{"name":"wp","href":"https:\/\/api.w.org\/{rel}","templated":true}]}}