{"id":4652,"date":"2019-05-29T06:36:13","date_gmt":"2019-05-29T05:36:13","guid":{"rendered":"http:\/\/www.abirato.com\/abiratoshop\/?p=4652"},"modified":"2019-05-29T06:48:52","modified_gmt":"2019-05-29T05:48:52","slug":"pierre-le-gall-photographies","status":"publish","type":"post","link":"https:\/\/www.abirato.com\/abiratoshop\/pierre-le-gall-photographies\/","title":{"rendered":"Pierre Le Gall &#8211; photographies"},"content":{"rendered":"\n<figure class=\"wp-block-image\"><img fetchpriority=\"high\" decoding=\"async\" width=\"1024\" height=\"579\" src=\"http:\/\/www.abirato.com\/abiratoshop\/wp-content\/uploads\/2019\/05\/pierrelegall-1024x579.jpg\" alt=\"\" class=\"wp-image-4655\" srcset=\"https:\/\/www.abirato.com\/abiratoshop\/wp-content\/uploads\/2019\/05\/pierrelegall-1024x579.jpg 1024w, https:\/\/www.abirato.com\/abiratoshop\/wp-content\/uploads\/2019\/05\/pierrelegall-300x170.jpg 300w, https:\/\/www.abirato.com\/abiratoshop\/wp-content\/uploads\/2019\/05\/pierrelegall-768x434.jpg 768w, https:\/\/www.abirato.com\/abiratoshop\/wp-content\/uploads\/2019\/05\/pierrelegall-600x339.jpg 600w, https:\/\/www.abirato.com\/abiratoshop\/wp-content\/uploads\/2019\/05\/pierrelegall.jpg 1260w\" sizes=\"(max-width: 1024px) 100vw, 1024px\" \/><\/figure>\n\n\n\n<p>N\u00e9 en 1948 \u00e0 Hano\u00ef, au Vi\u00eat-Nam, c<a href=\"https:\/\/www.editionsalternatives.com\/wiki\/Vi%C3%AAt-Nam\">&lsquo;<\/a>est\n un photographe fran\u00e7ais, laur\u00e9at du Prix Ni\u00e9cpe en 1972.&nbsp;Il a longtemps\n \u00e9t\u00e9 professeur de philosophie dans un lyc\u00e9e de Bretagne.\u2008Il n\u2019a jamais \ncess\u00e9 son autre \u00ab m\u00e9tier \u00bb de photographe. Les yeux \u00e9carquill\u00e9s, badaud \nsans projet ni intention, sans artifice ni pr\u00e9tention, son art \nphotographique demeure dans la simplicit\u00e9 et la na\u00efvet\u00e9 que l\u2019on pr\u00eate \naux enfants. Pour lui, la r\u00e9alit\u00e9 se suffit \u00e0 elle-m\u00eame. Une \nphotographie spontan\u00e9e, sans posture ni affectation, qui atteint la \nvraie vie, qui a\u00e8re l\u2019esprit et l\u2019emp\u00eache de se prendre au s\u00e9rieux. \nL\u2019humour proc\u00e8de de ces retrouvailles avec soi-m\u00eame, de la surprise et \ndu plaisir qui en d\u00e9coule, de se reconna\u00eetre dans l\u2019image de l\u2019autre par\n la gr\u00e2ce et la transparence du regard, simplement. Il a publi\u00e9 \nplusieurs ouvrages sur la ville de Dieppe&nbsp;: <em>Dieppe<\/em> (1976), <em>Dieppe-sur-Mer <\/em>(1978),<em> Dieppe III <\/em>(1991), <em>Vive Dieppe&nbsp;!<\/em> (2009).<\/p>\n\n\n\n<p><\/p>\n\n\n\n<p><\/p>\n\n\n\n<p><a href=\"https:\/\/www.facebook.com\/pg\/Pierre-Le-Gall-1469554953342567\/photos\/?tab=album&amp;album_id=2144556039175785&amp;xts%5B0%5D=68.ARCgxJScHYJqtXXUPveg9oTHD6uFNFF-t0RbkEZGHCU2qtgKRxIPJAtWoTPJyKtyhzrjl8PNvpRTuzLCX5buubBUeR_S0C7vtgHSHM2z_oJ6yNJlmnBi0s1s2JXHH5hi1x1tOEDNDxLRFBT2n6jyw6AM0TSF2XRwURy_z29zJv3zRczJoya-96eo5BKDvnDTM9Kkm01z4J6xhB9ZYmZRyCFMO3qGkla1JaLxRqESUmJfYzmzRKdilhJGOsBYgfUMJuXRp8AeVNZRrD-qVGMwXRf_rMpr9fbyIexfjTEVA6kQhB5Tx1VmkgvkTSFR3Dvp__3i3RM&amp;tn=-UCH-R\">https:\/\/www.facebook.com\/pg\/Pierre-Le-Gall-1469554953342567\/photos\/?tab=album&amp;album_id=2144556039175785&amp;xts%5B0%5D=68.ARCgxJScHYJqtXXUPveg9oTHD6uFNFF-t0RbkEZGHCU2qtgKRxIPJAtWoTPJyKtyhzrjl8PNvpRTuzLCX5buubBUeR_S0C7vtgHSHM2z_oJ6yNJlmnBi0s1s2JXHH5hi1x1tOEDNDxLRFBT2n6jyw6AM0TSF2XRwURy_z29zJv3zRczJoya-96eo5BKDvnDTM9Kkm01z4J6xhB9ZYmZRyCFMO3qGkla1JaLxRqESUmJfYzmzRKdilhJGOsBYgfUMJuXRp8AeVNZRrD-qVGMwXRf_rMpr9fbyIexfjTEVA6kQhB5Tx1VmkgvkTSFR3Dvp__3i3RM&amp;tn=-UCH-R<\/a><\/p>\n<div style=\"padding-bottom:20px; padding-top:10px;\" class=\"hupso-share-buttons\"><!-- Hupso Share Buttons - https:\/\/www.hupso.com\/share\/ --><a class=\"hupso_toolbar\" href=\"https:\/\/www.hupso.com\/share\/\"><img decoding=\"async\" src=\"https:\/\/static.hupso.com\/share\/buttons\/lang\/fr\/share-medium.png\" style=\"border:0px; padding-top: 5px; float:left;\" alt=\"Share Button\"\/><\/a><script type=\"text\/javascript\">var hupso_services_t=new Array(\"Twitter\",\"Facebook\",\"Google Plus\",\"Pinterest\",\"Linkedin\",\"Tumblr\");var hupso_background_t=\"#EAF4FF\";var hupso_border_t=\"#66CCFF\";var hupso_toolbar_size_t=\"medium\";var hupso_image_folder_url = \"\";var hupso_url_t=\"\";var hupso_title_t=\"Pierre%20Le%20Gall%20-%20photographies\";<\/script><script type=\"text\/javascript\" src=\"https:\/\/static.hupso.com\/share\/js\/share_toolbar.js\"><\/script><!-- Hupso Share Buttons --><\/div>","protected":false},"excerpt":{"rendered":"<p>N\u00e9 en 1948 \u00e0 Hano\u00ef, au Vi\u00eat-Nam, c&lsquo;est un photographe fran\u00e7ais, laur\u00e9at du Prix Ni\u00e9cpe en 1972.&nbsp;Il a longtemps \u00e9t\u00e9 professeur de philosophie dans un lyc\u00e9e de Bretagne.\u2008Il n\u2019a jamais cess\u00e9 son autre \u00ab m\u00e9tier \u00bb de photographe. Les yeux \u00e9carquill\u00e9s, badaud sans projet ni intention, sans artifice ni pr\u00e9tention, son art photographique demeure dans<\/p><\/div>\n<div class=\"blog-btn\"><a href=\"https:\/\/www.abirato.com\/abiratoshop\/pierre-le-gall-photographies\/\" class=\"home-blog-btn\">Lire la suite<\/a><\/p>\n","protected":false},"author":1,"featured_media":4655,"comment_status":"open","ping_status":"open","sticky":false,"template":"","format":"standard","meta":{"_exactmetrics_skip_tracking":false,"_exactmetrics_sitenote_active":false,"_exactmetrics_sitenote_note":"","_exactmetrics_sitenote_category":0,"footnotes":""},"categories":[55,114,25,42],"tags":[],"class_list":["post-4652","post","type-post","status-publish","format-standard","has-post-thumbnail","hentry","category-photographie","category-pour-les-grands","category-pour-les-loulous","category-sur-le-net"],"yoast_head":"<!-- This site is optimized with the Yoast SEO plugin v27.3 - https:\/\/yoast.com\/product\/yoast-seo-wordpress\/ -->\n<title>Pierre Le Gall - photographies - MAISON DU RHU<\/title>\n<meta name=\"robots\" content=\"index, follow, max-snippet:-1, max-image-preview:large, max-video-preview:-1\" \/>\n<link rel=\"canonical\" href=\"https:\/\/www.abirato.com\/abiratoshop\/pierre-le-gall-photographies\/\" \/>\n<meta property=\"og:locale\" content=\"fr_FR\" \/>\n<meta property=\"og:type\" content=\"article\" \/>\n<meta property=\"og:title\" content=\"Pierre Le Gall - photographies - MAISON DU RHU\" \/>\n<meta property=\"og:description\" content=\"N\u00e9 en 1948 \u00e0 Hano\u00ef, au Vi\u00eat-Nam, c&lsquo;est un photographe fran\u00e7ais, laur\u00e9at du Prix Ni\u00e9cpe en 1972.&nbsp;Il a longtemps \u00e9t\u00e9 professeur de philosophie dans un lyc\u00e9e de Bretagne.\u2008Il n\u2019a jamais cess\u00e9 son autre \u00ab m\u00e9tier \u00bb de photographe. Les yeux \u00e9carquill\u00e9s, badaud sans projet ni intention, sans artifice ni pr\u00e9tention, son art photographique demeure dansLire la suite\" \/>\n<meta property=\"og:url\" content=\"https:\/\/www.abirato.com\/abiratoshop\/pierre-le-gall-photographies\/\" \/>\n<meta property=\"og:site_name\" content=\"MAISON DU RHU\" \/>\n<meta property=\"article:published_time\" content=\"2019-05-29T05:36:13+00:00\" \/>\n<meta property=\"article:modified_time\" content=\"2019-05-29T05:48:52+00:00\" \/>\n<meta property=\"og:image\" content=\"https:\/\/www.abirato.com\/abiratoshop\/wp-content\/uploads\/2019\/05\/pierrelegall.jpg\" \/>\n\t<meta property=\"og:image:width\" content=\"1260\" \/>\n\t<meta property=\"og:image:height\" content=\"712\" \/>\n\t<meta property=\"og:image:type\" content=\"image\/jpeg\" \/>\n<meta name=\"author\" content=\"abirato\" \/>\n<meta name=\"twitter:card\" content=\"summary_large_image\" \/>\n<meta name=\"twitter:label1\" content=\"\u00c9crit par\" \/>\n\t<meta name=\"twitter:data1\" content=\"abirato\" \/>\n\t<meta name=\"twitter:label2\" content=\"Dur\u00e9e de lecture estim\u00e9e\" \/>\n\t<meta name=\"twitter:data2\" content=\"1 minute\" \/>\n<script type=\"application\/ld+json\" class=\"yoast-schema-graph\">{\"@context\":\"https:\\\/\\\/schema.org\",\"@graph\":[{\"@type\":\"Article\",\"@id\":\"https:\\\/\\\/www.abirato.com\\\/abiratoshop\\\/pierre-le-gall-photographies\\\/#article\",\"isPartOf\":{\"@id\":\"https:\\\/\\\/www.abirato.com\\\/abiratoshop\\\/pierre-le-gall-photographies\\\/\"},\"author\":{\"name\":\"abirato\",\"@id\":\"https:\\\/\\\/www.abirato.com\\\/abiratoshop\\\/#\\\/schema\\\/person\\\/553088a5199198fb7d53b6ec6c53fa70\"},\"headline\":\"Pierre Le Gall &#8211; photographies\",\"datePublished\":\"2019-05-29T05:36:13+00:00\",\"dateModified\":\"2019-05-29T05:48:52+00:00\",\"mainEntityOfPage\":{\"@id\":\"https:\\\/\\\/www.abirato.com\\\/abiratoshop\\\/pierre-le-gall-photographies\\\/\"},\"wordCount\":239,\"commentCount\":0,\"publisher\":{\"@id\":\"https:\\\/\\\/www.abirato.com\\\/abiratoshop\\\/#organization\"},\"image\":{\"@id\":\"https:\\\/\\\/www.abirato.com\\\/abiratoshop\\\/pierre-le-gall-photographies\\\/#primaryimage\"},\"thumbnailUrl\":\"https:\\\/\\\/www.abirato.com\\\/abiratoshop\\\/wp-content\\\/uploads\\\/2019\\\/05\\\/pierrelegall.jpg\",\"articleSection\":[\"Photographie\",\"Pour les grands\",\"Pour les loulous\",\"Sur le net\"],\"inLanguage\":\"fr-FR\",\"potentialAction\":[{\"@type\":\"CommentAction\",\"name\":\"Comment\",\"target\":[\"https:\\\/\\\/www.abirato.com\\\/abiratoshop\\\/pierre-le-gall-photographies\\\/#respond\"]}]},{\"@type\":\"WebPage\",\"@id\":\"https:\\\/\\\/www.abirato.com\\\/abiratoshop\\\/pierre-le-gall-photographies\\\/\",\"url\":\"https:\\\/\\\/www.abirato.com\\\/abiratoshop\\\/pierre-le-gall-photographies\\\/\",\"name\":\"Pierre Le Gall - photographies - MAISON DU RHU\",\"isPartOf\":{\"@id\":\"https:\\\/\\\/www.abirato.com\\\/abiratoshop\\\/#website\"},\"primaryImageOfPage\":{\"@id\":\"https:\\\/\\\/www.abirato.com\\\/abiratoshop\\\/pierre-le-gall-photographies\\\/#primaryimage\"},\"image\":{\"@id\":\"https:\\\/\\\/www.abirato.com\\\/abiratoshop\\\/pierre-le-gall-photographies\\\/#primaryimage\"},\"thumbnailUrl\":\"https:\\\/\\\/www.abirato.com\\\/abiratoshop\\\/wp-content\\\/uploads\\\/2019\\\/05\\\/pierrelegall.jpg\",\"datePublished\":\"2019-05-29T05:36:13+00:00\",\"dateModified\":\"2019-05-29T05:48:52+00:00\",\"breadcrumb\":{\"@id\":\"https:\\\/\\\/www.abirato.com\\\/abiratoshop\\\/pierre-le-gall-photographies\\\/#breadcrumb\"},\"inLanguage\":\"fr-FR\",\"potentialAction\":[{\"@type\":\"ReadAction\",\"target\":[\"https:\\\/\\\/www.abirato.com\\\/abiratoshop\\\/pierre-le-gall-photographies\\\/\"]}]},{\"@type\":\"ImageObject\",\"inLanguage\":\"fr-FR\",\"@id\":\"https:\\\/\\\/www.abirato.com\\\/abiratoshop\\\/pierre-le-gall-photographies\\\/#primaryimage\",\"url\":\"https:\\\/\\\/www.abirato.com\\\/abiratoshop\\\/wp-content\\\/uploads\\\/2019\\\/05\\\/pierrelegall.jpg\",\"contentUrl\":\"https:\\\/\\\/www.abirato.com\\\/abiratoshop\\\/wp-content\\\/uploads\\\/2019\\\/05\\\/pierrelegall.jpg\",\"width\":1260,\"height\":712},{\"@type\":\"BreadcrumbList\",\"@id\":\"https:\\\/\\\/www.abirato.com\\\/abiratoshop\\\/pierre-le-gall-photographies\\\/#breadcrumb\",\"itemListElement\":[{\"@type\":\"ListItem\",\"position\":1,\"name\":\"Accueil\",\"item\":\"https:\\\/\\\/www.abirato.com\\\/abiratoshop\\\/\"},{\"@type\":\"ListItem\",\"position\":2,\"name\":\"Pierre Le Gall &#8211; photographies\"}]},{\"@type\":\"WebSite\",\"@id\":\"https:\\\/\\\/www.abirato.com\\\/abiratoshop\\\/#website\",\"url\":\"https:\\\/\\\/www.abirato.com\\\/abiratoshop\\\/\",\"name\":\"MAISON DU RHU\",\"description\":\"sautez la barri\u00e8re\",\"publisher\":{\"@id\":\"https:\\\/\\\/www.abirato.com\\\/abiratoshop\\\/#organization\"},\"potentialAction\":[{\"@type\":\"SearchAction\",\"target\":{\"@type\":\"EntryPoint\",\"urlTemplate\":\"https:\\\/\\\/www.abirato.com\\\/abiratoshop\\\/?s={search_term_string}\"},\"query-input\":{\"@type\":\"PropertyValueSpecification\",\"valueRequired\":true,\"valueName\":\"search_term_string\"}}],\"inLanguage\":\"fr-FR\"},{\"@type\":\"Organization\",\"@id\":\"https:\\\/\\\/www.abirato.com\\\/abiratoshop\\\/#organization\",\"name\":\"MAISON DU RHU\",\"url\":\"https:\\\/\\\/www.abirato.com\\\/abiratoshop\\\/\",\"logo\":{\"@type\":\"ImageObject\",\"inLanguage\":\"fr-FR\",\"@id\":\"https:\\\/\\\/www.abirato.com\\\/abiratoshop\\\/#\\\/schema\\\/logo\\\/image\\\/\",\"url\":\"https:\\\/\\\/www.abirato.com\\\/abiratoshop\\\/wp-content\\\/uploads\\\/2022\\\/01\\\/cropped-cropped-Logorhu17bis-1BLC.png\",\"contentUrl\":\"https:\\\/\\\/www.abirato.com\\\/abiratoshop\\\/wp-content\\\/uploads\\\/2022\\\/01\\\/cropped-cropped-Logorhu17bis-1BLC.png\",\"width\":114,\"height\":150,\"caption\":\"MAISON DU RHU\"},\"image\":{\"@id\":\"https:\\\/\\\/www.abirato.com\\\/abiratoshop\\\/#\\\/schema\\\/logo\\\/image\\\/\"}},{\"@type\":\"Person\",\"@id\":\"https:\\\/\\\/www.abirato.com\\\/abiratoshop\\\/#\\\/schema\\\/person\\\/553088a5199198fb7d53b6ec6c53fa70\",\"name\":\"abirato\",\"image\":{\"@type\":\"ImageObject\",\"inLanguage\":\"fr-FR\",\"@id\":\"https:\\\/\\\/secure.gravatar.com\\\/avatar\\\/147dd4f916d1f1c76da309937c3c17056f52a2a278f85a2e35f7d3fc77931ff5?s=96&d=mm&r=g\",\"url\":\"https:\\\/\\\/secure.gravatar.com\\\/avatar\\\/147dd4f916d1f1c76da309937c3c17056f52a2a278f85a2e35f7d3fc77931ff5?s=96&d=mm&r=g\",\"contentUrl\":\"https:\\\/\\\/secure.gravatar.com\\\/avatar\\\/147dd4f916d1f1c76da309937c3c17056f52a2a278f85a2e35f7d3fc77931ff5?s=96&d=mm&r=g\",\"caption\":\"abirato\"},\"sameAs\":[\"http:\\\/\\\/www.abirato.com\"],\"url\":\"https:\\\/\\\/www.abirato.com\\\/abiratoshop\\\/author\\\/abirato\\\/\"}]}<\/script>\n<!-- \/ Yoast SEO plugin. -->","yoast_head_json":{"title":"Pierre Le Gall - photographies - MAISON DU RHU","robots":{"index":"index","follow":"follow","max-snippet":"max-snippet:-1","max-image-preview":"max-image-preview:large","max-video-preview":"max-video-preview:-1"},"canonical":"https:\/\/www.abirato.com\/abiratoshop\/pierre-le-gall-photographies\/","og_locale":"fr_FR","og_type":"article","og_title":"Pierre Le Gall - photographies - MAISON DU RHU","og_description":"N\u00e9 en 1948 \u00e0 Hano\u00ef, au Vi\u00eat-Nam, c&lsquo;est un photographe fran\u00e7ais, laur\u00e9at du Prix Ni\u00e9cpe en 1972.&nbsp;Il a longtemps \u00e9t\u00e9 professeur de philosophie dans un lyc\u00e9e de Bretagne.\u2008Il n\u2019a jamais cess\u00e9 son autre \u00ab m\u00e9tier \u00bb de photographe. Les yeux \u00e9carquill\u00e9s, badaud sans projet ni intention, sans artifice ni pr\u00e9tention, son art photographique demeure dansLire la suite","og_url":"https:\/\/www.abirato.com\/abiratoshop\/pierre-le-gall-photographies\/","og_site_name":"MAISON DU RHU","article_published_time":"2019-05-29T05:36:13+00:00","article_modified_time":"2019-05-29T05:48:52+00:00","og_image":[{"width":1260,"height":712,"url":"https:\/\/www.abirato.com\/abiratoshop\/wp-content\/uploads\/2019\/05\/pierrelegall.jpg","type":"image\/jpeg"}],"author":"abirato","twitter_card":"summary_large_image","twitter_misc":{"\u00c9crit par":"abirato","Dur\u00e9e de lecture estim\u00e9e":"1 minute"},"schema":{"@context":"https:\/\/schema.org","@graph":[{"@type":"Article","@id":"https:\/\/www.abirato.com\/abiratoshop\/pierre-le-gall-photographies\/#article","isPartOf":{"@id":"https:\/\/www.abirato.com\/abiratoshop\/pierre-le-gall-photographies\/"},"author":{"name":"abirato","@id":"https:\/\/www.abirato.com\/abiratoshop\/#\/schema\/person\/553088a5199198fb7d53b6ec6c53fa70"},"headline":"Pierre Le Gall &#8211; photographies","datePublished":"2019-05-29T05:36:13+00:00","dateModified":"2019-05-29T05:48:52+00:00","mainEntityOfPage":{"@id":"https:\/\/www.abirato.com\/abiratoshop\/pierre-le-gall-photographies\/"},"wordCount":239,"commentCount":0,"publisher":{"@id":"https:\/\/www.abirato.com\/abiratoshop\/#organization"},"image":{"@id":"https:\/\/www.abirato.com\/abiratoshop\/pierre-le-gall-photographies\/#primaryimage"},"thumbnailUrl":"https:\/\/www.abirato.com\/abiratoshop\/wp-content\/uploads\/2019\/05\/pierrelegall.jpg","articleSection":["Photographie","Pour les grands","Pour les loulous","Sur le net"],"inLanguage":"fr-FR","potentialAction":[{"@type":"CommentAction","name":"Comment","target":["https:\/\/www.abirato.com\/abiratoshop\/pierre-le-gall-photographies\/#respond"]}]},{"@type":"WebPage","@id":"https:\/\/www.abirato.com\/abiratoshop\/pierre-le-gall-photographies\/","url":"https:\/\/www.abirato.com\/abiratoshop\/pierre-le-gall-photographies\/","name":"Pierre Le Gall - photographies - MAISON DU RHU","isPartOf":{"@id":"https:\/\/www.abirato.com\/abiratoshop\/#website"},"primaryImageOfPage":{"@id":"https:\/\/www.abirato.com\/abiratoshop\/pierre-le-gall-photographies\/#primaryimage"},"image":{"@id":"https:\/\/www.abirato.com\/abiratoshop\/pierre-le-gall-photographies\/#primaryimage"},"thumbnailUrl":"https:\/\/www.abirato.com\/abiratoshop\/wp-content\/uploads\/2019\/05\/pierrelegall.jpg","datePublished":"2019-05-29T05:36:13+00:00","dateModified":"2019-05-29T05:48:52+00:00","breadcrumb":{"@id":"https:\/\/www.abirato.com\/abiratoshop\/pierre-le-gall-photographies\/#breadcrumb"},"inLanguage":"fr-FR","potentialAction":[{"@type":"ReadAction","target":["https:\/\/www.abirato.com\/abiratoshop\/pierre-le-gall-photographies\/"]}]},{"@type":"ImageObject","inLanguage":"fr-FR","@id":"https:\/\/www.abirato.com\/abiratoshop\/pierre-le-gall-photographies\/#primaryimage","url":"https:\/\/www.abirato.com\/abiratoshop\/wp-content\/uploads\/2019\/05\/pierrelegall.jpg","contentUrl":"https:\/\/www.abirato.com\/abiratoshop\/wp-content\/uploads\/2019\/05\/pierrelegall.jpg","width":1260,"height":712},{"@type":"BreadcrumbList","@id":"https:\/\/www.abirato.com\/abiratoshop\/pierre-le-gall-photographies\/#breadcrumb","itemListElement":[{"@type":"ListItem","position":1,"name":"Accueil","item":"https:\/\/www.abirato.com\/abiratoshop\/"},{"@type":"ListItem","position":2,"name":"Pierre Le Gall &#8211; photographies"}]},{"@type":"WebSite","@id":"https:\/\/www.abirato.com\/abiratoshop\/#website","url":"https:\/\/www.abirato.com\/abiratoshop\/","name":"MAISON DU RHU","description":"sautez la barri\u00e8re","publisher":{"@id":"https:\/\/www.abirato.com\/abiratoshop\/#organization"},"potentialAction":[{"@type":"SearchAction","target":{"@type":"EntryPoint","urlTemplate":"https:\/\/www.abirato.com\/abiratoshop\/?s={search_term_string}"},"query-input":{"@type":"PropertyValueSpecification","valueRequired":true,"valueName":"search_term_string"}}],"inLanguage":"fr-FR"},{"@type":"Organization","@id":"https:\/\/www.abirato.com\/abiratoshop\/#organization","name":"MAISON DU RHU","url":"https:\/\/www.abirato.com\/abiratoshop\/","logo":{"@type":"ImageObject","inLanguage":"fr-FR","@id":"https:\/\/www.abirato.com\/abiratoshop\/#\/schema\/logo\/image\/","url":"https:\/\/www.abirato.com\/abiratoshop\/wp-content\/uploads\/2022\/01\/cropped-cropped-Logorhu17bis-1BLC.png","contentUrl":"https:\/\/www.abirato.com\/abiratoshop\/wp-content\/uploads\/2022\/01\/cropped-cropped-Logorhu17bis-1BLC.png","width":114,"height":150,"caption":"MAISON DU RHU"},"image":{"@id":"https:\/\/www.abirato.com\/abiratoshop\/#\/schema\/logo\/image\/"}},{"@type":"Person","@id":"https:\/\/www.abirato.com\/abiratoshop\/#\/schema\/person\/553088a5199198fb7d53b6ec6c53fa70","name":"abirato","image":{"@type":"ImageObject","inLanguage":"fr-FR","@id":"https:\/\/secure.gravatar.com\/avatar\/147dd4f916d1f1c76da309937c3c17056f52a2a278f85a2e35f7d3fc77931ff5?s=96&d=mm&r=g","url":"https:\/\/secure.gravatar.com\/avatar\/147dd4f916d1f1c76da309937c3c17056f52a2a278f85a2e35f7d3fc77931ff5?s=96&d=mm&r=g","contentUrl":"https:\/\/secure.gravatar.com\/avatar\/147dd4f916d1f1c76da309937c3c17056f52a2a278f85a2e35f7d3fc77931ff5?s=96&d=mm&r=g","caption":"abirato"},"sameAs":["http:\/\/www.abirato.com"],"url":"https:\/\/www.abirato.com\/abiratoshop\/author\/abirato\/"}]}},"_links":{"self":[{"href":"https:\/\/www.abirato.com\/abiratoshop\/wp-json\/wp\/v2\/posts\/4652","targetHints":{"allow":["GET"]}}],"collection":[{"href":"https:\/\/www.abirato.com\/abiratoshop\/wp-json\/wp\/v2\/posts"}],"about":[{"href":"https:\/\/www.abirato.com\/abiratoshop\/wp-json\/wp\/v2\/types\/post"}],"author":[{"embeddable":true,"href":"https:\/\/www.abirato.com\/abiratoshop\/wp-json\/wp\/v2\/users\/1"}],"replies":[{"embeddable":true,"href":"https:\/\/www.abirato.com\/abiratoshop\/wp-json\/wp\/v2\/comments?post=4652"}],"version-history":[{"count":3,"href":"https:\/\/www.abirato.com\/abiratoshop\/wp-json\/wp\/v2\/posts\/4652\/revisions"}],"predecessor-version":[{"id":4656,"href":"https:\/\/www.abirato.com\/abiratoshop\/wp-json\/wp\/v2\/posts\/4652\/revisions\/4656"}],"wp:featuredmedia":[{"embeddable":true,"href":"https:\/\/www.abirato.com\/abiratoshop\/wp-json\/wp\/v2\/media\/4655"}],"wp:attachment":[{"href":"https:\/\/www.abirato.com\/abiratoshop\/wp-json\/wp\/v2\/media?parent=4652"}],"wp:term":[{"taxonomy":"category","embeddable":true,"href":"https:\/\/www.abirato.com\/abiratoshop\/wp-json\/wp\/v2\/categories?post=4652"},{"taxonomy":"post_tag","embeddable":true,"href":"https:\/\/www.abirato.com\/abiratoshop\/wp-json\/wp\/v2\/tags?post=4652"}],"curies":[{"name":"wp","href":"https:\/\/api.w.org\/{rel}","templated":true}]}}