{"id":4088,"date":"2019-02-15T14:10:39","date_gmt":"2019-02-15T13:10:39","guid":{"rendered":"http:\/\/www.abirato.com\/abiratoshop\/?p=4088"},"modified":"2019-02-19T10:58:45","modified_gmt":"2019-02-19T09:58:45","slug":"notre-exposition-pirates-a-quimper","status":"publish","type":"post","link":"https:\/\/www.abirato.com\/abiratoshop\/notre-exposition-pirates-a-quimper\/","title":{"rendered":"Notre exposition PIRATES \u00e0 Quimper"},"content":{"rendered":"<p><iframe style='width:850px; height:480px' frameborder=0 src='http:\/\/www.tebeo.bzh\/player.php?idprogramme=10399877&#038;autoplay=0' allowfullscreen><\/iframe><\/p>\n<p>Du 11 f\u00e9vrier au 1er mars 2019, entr\u00e9e libre dans le hall de la mairie de Quimper, du lundi au vendredi, de 8\u2009h\u200930 \u00e0 18\u2009h, et le samedi matin, de 9\u2009h \u00e0 12\u2009h.<\/p>\n<p><a href=\"https:\/\/www.ouest-france.fr\/bretagne\/quimper-29000\/bd-les-pirates-de-brest-accostent-quimper-6219538?fbclid=IwAR1vhVy3pSvOQuYzqf_FUo3lP4LbCgo1evRNEsUVsXOcwi2uXQ5HRjX1qv4\" rel=\"noopener\" target=\"_blank\">ARTICLE DANS Ouest France<\/a><\/p>\n<div style=\"padding-bottom:20px; padding-top:10px;\" class=\"hupso-share-buttons\"><!-- Hupso Share Buttons - https:\/\/www.hupso.com\/share\/ --><a class=\"hupso_toolbar\" href=\"https:\/\/www.hupso.com\/share\/\"><img decoding=\"async\" src=\"https:\/\/static.hupso.com\/share\/buttons\/lang\/fr\/share-medium.png\" style=\"border:0px; padding-top: 5px; float:left;\" alt=\"Share Button\"\/><\/a><script type=\"text\/javascript\">var hupso_services_t=new Array(\"Twitter\",\"Facebook\",\"Google Plus\",\"Pinterest\",\"Linkedin\",\"Tumblr\");var hupso_background_t=\"#EAF4FF\";var hupso_border_t=\"#66CCFF\";var hupso_toolbar_size_t=\"medium\";var hupso_image_folder_url = \"\";var hupso_url_t=\"\";var hupso_title_t=\"Notre%20exposition%20PIRATES%20%C3%A0%20Quimper\";<\/script><script type=\"text\/javascript\" src=\"https:\/\/static.hupso.com\/share\/js\/share_toolbar.js\"><\/script><!-- Hupso Share Buttons --><\/div>","protected":false},"excerpt":{"rendered":"<p>Du 11 f\u00e9vrier au 1er mars 2019, entr\u00e9e libre dans le hall de la mairie de Quimper, du lundi au vendredi, de 8\u2009h\u200930 \u00e0 18\u2009h, et le samedi matin, de 9\u2009h \u00e0 12\u2009h. ARTICLE DANS Ouest France<\/p>\n","protected":false},"author":1,"featured_media":3006,"comment_status":"open","ping_status":"open","sticky":false,"template":"","format":"standard","meta":{"_exactmetrics_skip_tracking":false,"_exactmetrics_sitenote_active":false,"_exactmetrics_sitenote_note":"","_exactmetrics_sitenote_category":0,"footnotes":""},"categories":[20,31,35,115,21,29,114,25,38],"tags":[],"class_list":["post-4088","post","type-post","status-publish","format-standard","has-post-thumbnail","hentry","category-actualites","category-bd","category-dessin","category-illustration","category-manifestation","category-mes-creations","category-pour-les-grands","category-pour-les-loulous","category-vu-a-la-tele"],"yoast_head":"<!-- This site is optimized with the Yoast SEO plugin v27.3 - https:\/\/yoast.com\/product\/yoast-seo-wordpress\/ -->\n<title>Notre exposition PIRATES \u00e0 Quimper - MAISON DU RHU<\/title>\n<meta name=\"robots\" content=\"index, follow, max-snippet:-1, max-image-preview:large, max-video-preview:-1\" \/>\n<link rel=\"canonical\" href=\"https:\/\/www.abirato.com\/abiratoshop\/notre-exposition-pirates-a-quimper\/\" \/>\n<meta property=\"og:locale\" content=\"fr_FR\" \/>\n<meta property=\"og:type\" content=\"article\" \/>\n<meta property=\"og:title\" content=\"Notre exposition PIRATES \u00e0 Quimper - MAISON DU RHU\" \/>\n<meta property=\"og:description\" content=\"Du 11 f\u00e9vrier au 1er mars 2019, entr\u00e9e libre dans le hall de la mairie de Quimper, du lundi au vendredi, de 8\u2009h\u200930 \u00e0 18\u2009h, et le samedi matin, de 9\u2009h \u00e0 12\u2009h. ARTICLE DANS Ouest France\" \/>\n<meta property=\"og:url\" content=\"https:\/\/www.abirato.com\/abiratoshop\/notre-exposition-pirates-a-quimper\/\" \/>\n<meta property=\"og:site_name\" content=\"MAISON DU RHU\" \/>\n<meta property=\"article:published_time\" content=\"2019-02-15T13:10:39+00:00\" \/>\n<meta property=\"article:modified_time\" content=\"2019-02-19T09:58:45+00:00\" \/>\n<meta property=\"og:image\" content=\"https:\/\/www.abirato.com\/abiratoshop\/wp-content\/uploads\/2018\/06\/ilepirateBdef.jpg\" \/>\n\t<meta property=\"og:image:width\" content=\"593\" \/>\n\t<meta property=\"og:image:height\" content=\"800\" \/>\n\t<meta property=\"og:image:type\" content=\"image\/jpeg\" \/>\n<meta name=\"author\" content=\"abirato\" \/>\n<meta name=\"twitter:card\" content=\"summary_large_image\" \/>\n<meta name=\"twitter:label1\" content=\"\u00c9crit par\" \/>\n\t<meta name=\"twitter:data1\" content=\"abirato\" \/>\n<script type=\"application\/ld+json\" class=\"yoast-schema-graph\">{\"@context\":\"https:\\\/\\\/schema.org\",\"@graph\":[{\"@type\":\"Article\",\"@id\":\"https:\\\/\\\/www.abirato.com\\\/abiratoshop\\\/notre-exposition-pirates-a-quimper\\\/#article\",\"isPartOf\":{\"@id\":\"https:\\\/\\\/www.abirato.com\\\/abiratoshop\\\/notre-exposition-pirates-a-quimper\\\/\"},\"author\":{\"name\":\"abirato\",\"@id\":\"https:\\\/\\\/www.abirato.com\\\/abiratoshop\\\/#\\\/schema\\\/person\\\/553088a5199198fb7d53b6ec6c53fa70\"},\"headline\":\"Notre exposition PIRATES \u00e0 Quimper\",\"datePublished\":\"2019-02-15T13:10:39+00:00\",\"dateModified\":\"2019-02-19T09:58:45+00:00\",\"mainEntityOfPage\":{\"@id\":\"https:\\\/\\\/www.abirato.com\\\/abiratoshop\\\/notre-exposition-pirates-a-quimper\\\/\"},\"wordCount\":39,\"commentCount\":0,\"publisher\":{\"@id\":\"https:\\\/\\\/www.abirato.com\\\/abiratoshop\\\/#organization\"},\"image\":{\"@id\":\"https:\\\/\\\/www.abirato.com\\\/abiratoshop\\\/notre-exposition-pirates-a-quimper\\\/#primaryimage\"},\"thumbnailUrl\":\"https:\\\/\\\/www.abirato.com\\\/abiratoshop\\\/wp-content\\\/uploads\\\/2018\\\/06\\\/ilepirateBdef.jpg\",\"articleSection\":[\"Actualit\u00e9s\",\"BD\",\"Dessin\",\"illustration\",\"Manifestation\",\"Mes cr\u00e9ations\",\"Pour les grands\",\"Pour les loulous\",\"Vu \u00e0 la t\u00e9l\u00e9\"],\"inLanguage\":\"fr-FR\",\"potentialAction\":[{\"@type\":\"CommentAction\",\"name\":\"Comment\",\"target\":[\"https:\\\/\\\/www.abirato.com\\\/abiratoshop\\\/notre-exposition-pirates-a-quimper\\\/#respond\"]}]},{\"@type\":\"WebPage\",\"@id\":\"https:\\\/\\\/www.abirato.com\\\/abiratoshop\\\/notre-exposition-pirates-a-quimper\\\/\",\"url\":\"https:\\\/\\\/www.abirato.com\\\/abiratoshop\\\/notre-exposition-pirates-a-quimper\\\/\",\"name\":\"Notre exposition PIRATES \u00e0 Quimper - MAISON DU RHU\",\"isPartOf\":{\"@id\":\"https:\\\/\\\/www.abirato.com\\\/abiratoshop\\\/#website\"},\"primaryImageOfPage\":{\"@id\":\"https:\\\/\\\/www.abirato.com\\\/abiratoshop\\\/notre-exposition-pirates-a-quimper\\\/#primaryimage\"},\"image\":{\"@id\":\"https:\\\/\\\/www.abirato.com\\\/abiratoshop\\\/notre-exposition-pirates-a-quimper\\\/#primaryimage\"},\"thumbnailUrl\":\"https:\\\/\\\/www.abirato.com\\\/abiratoshop\\\/wp-content\\\/uploads\\\/2018\\\/06\\\/ilepirateBdef.jpg\",\"datePublished\":\"2019-02-15T13:10:39+00:00\",\"dateModified\":\"2019-02-19T09:58:45+00:00\",\"breadcrumb\":{\"@id\":\"https:\\\/\\\/www.abirato.com\\\/abiratoshop\\\/notre-exposition-pirates-a-quimper\\\/#breadcrumb\"},\"inLanguage\":\"fr-FR\",\"potentialAction\":[{\"@type\":\"ReadAction\",\"target\":[\"https:\\\/\\\/www.abirato.com\\\/abiratoshop\\\/notre-exposition-pirates-a-quimper\\\/\"]}]},{\"@type\":\"ImageObject\",\"inLanguage\":\"fr-FR\",\"@id\":\"https:\\\/\\\/www.abirato.com\\\/abiratoshop\\\/notre-exposition-pirates-a-quimper\\\/#primaryimage\",\"url\":\"https:\\\/\\\/www.abirato.com\\\/abiratoshop\\\/wp-content\\\/uploads\\\/2018\\\/06\\\/ilepirateBdef.jpg\",\"contentUrl\":\"https:\\\/\\\/www.abirato.com\\\/abiratoshop\\\/wp-content\\\/uploads\\\/2018\\\/06\\\/ilepirateBdef.jpg\",\"width\":593,\"height\":800},{\"@type\":\"BreadcrumbList\",\"@id\":\"https:\\\/\\\/www.abirato.com\\\/abiratoshop\\\/notre-exposition-pirates-a-quimper\\\/#breadcrumb\",\"itemListElement\":[{\"@type\":\"ListItem\",\"position\":1,\"name\":\"Accueil\",\"item\":\"https:\\\/\\\/www.abirato.com\\\/abiratoshop\\\/\"},{\"@type\":\"ListItem\",\"position\":2,\"name\":\"Notre exposition PIRATES \u00e0 Quimper\"}]},{\"@type\":\"WebSite\",\"@id\":\"https:\\\/\\\/www.abirato.com\\\/abiratoshop\\\/#website\",\"url\":\"https:\\\/\\\/www.abirato.com\\\/abiratoshop\\\/\",\"name\":\"MAISON DU RHU\",\"description\":\"sautez la barri\u00e8re\",\"publisher\":{\"@id\":\"https:\\\/\\\/www.abirato.com\\\/abiratoshop\\\/#organization\"},\"potentialAction\":[{\"@type\":\"SearchAction\",\"target\":{\"@type\":\"EntryPoint\",\"urlTemplate\":\"https:\\\/\\\/www.abirato.com\\\/abiratoshop\\\/?s={search_term_string}\"},\"query-input\":{\"@type\":\"PropertyValueSpecification\",\"valueRequired\":true,\"valueName\":\"search_term_string\"}}],\"inLanguage\":\"fr-FR\"},{\"@type\":\"Organization\",\"@id\":\"https:\\\/\\\/www.abirato.com\\\/abiratoshop\\\/#organization\",\"name\":\"MAISON DU RHU\",\"url\":\"https:\\\/\\\/www.abirato.com\\\/abiratoshop\\\/\",\"logo\":{\"@type\":\"ImageObject\",\"inLanguage\":\"fr-FR\",\"@id\":\"https:\\\/\\\/www.abirato.com\\\/abiratoshop\\\/#\\\/schema\\\/logo\\\/image\\\/\",\"url\":\"https:\\\/\\\/www.abirato.com\\\/abiratoshop\\\/wp-content\\\/uploads\\\/2022\\\/01\\\/cropped-cropped-Logorhu17bis-1BLC.png\",\"contentUrl\":\"https:\\\/\\\/www.abirato.com\\\/abiratoshop\\\/wp-content\\\/uploads\\\/2022\\\/01\\\/cropped-cropped-Logorhu17bis-1BLC.png\",\"width\":114,\"height\":150,\"caption\":\"MAISON DU RHU\"},\"image\":{\"@id\":\"https:\\\/\\\/www.abirato.com\\\/abiratoshop\\\/#\\\/schema\\\/logo\\\/image\\\/\"}},{\"@type\":\"Person\",\"@id\":\"https:\\\/\\\/www.abirato.com\\\/abiratoshop\\\/#\\\/schema\\\/person\\\/553088a5199198fb7d53b6ec6c53fa70\",\"name\":\"abirato\",\"image\":{\"@type\":\"ImageObject\",\"inLanguage\":\"fr-FR\",\"@id\":\"https:\\\/\\\/secure.gravatar.com\\\/avatar\\\/147dd4f916d1f1c76da309937c3c17056f52a2a278f85a2e35f7d3fc77931ff5?s=96&d=mm&r=g\",\"url\":\"https:\\\/\\\/secure.gravatar.com\\\/avatar\\\/147dd4f916d1f1c76da309937c3c17056f52a2a278f85a2e35f7d3fc77931ff5?s=96&d=mm&r=g\",\"contentUrl\":\"https:\\\/\\\/secure.gravatar.com\\\/avatar\\\/147dd4f916d1f1c76da309937c3c17056f52a2a278f85a2e35f7d3fc77931ff5?s=96&d=mm&r=g\",\"caption\":\"abirato\"},\"sameAs\":[\"http:\\\/\\\/www.abirato.com\"],\"url\":\"https:\\\/\\\/www.abirato.com\\\/abiratoshop\\\/author\\\/abirato\\\/\"}]}<\/script>\n<!-- \/ Yoast SEO plugin. -->","yoast_head_json":{"title":"Notre exposition PIRATES \u00e0 Quimper - MAISON DU RHU","robots":{"index":"index","follow":"follow","max-snippet":"max-snippet:-1","max-image-preview":"max-image-preview:large","max-video-preview":"max-video-preview:-1"},"canonical":"https:\/\/www.abirato.com\/abiratoshop\/notre-exposition-pirates-a-quimper\/","og_locale":"fr_FR","og_type":"article","og_title":"Notre exposition PIRATES \u00e0 Quimper - MAISON DU RHU","og_description":"Du 11 f\u00e9vrier au 1er mars 2019, entr\u00e9e libre dans le hall de la mairie de Quimper, du lundi au vendredi, de 8\u2009h\u200930 \u00e0 18\u2009h, et le samedi matin, de 9\u2009h \u00e0 12\u2009h. ARTICLE DANS Ouest France","og_url":"https:\/\/www.abirato.com\/abiratoshop\/notre-exposition-pirates-a-quimper\/","og_site_name":"MAISON DU RHU","article_published_time":"2019-02-15T13:10:39+00:00","article_modified_time":"2019-02-19T09:58:45+00:00","og_image":[{"width":593,"height":800,"url":"https:\/\/www.abirato.com\/abiratoshop\/wp-content\/uploads\/2018\/06\/ilepirateBdef.jpg","type":"image\/jpeg"}],"author":"abirato","twitter_card":"summary_large_image","twitter_misc":{"\u00c9crit par":"abirato"},"schema":{"@context":"https:\/\/schema.org","@graph":[{"@type":"Article","@id":"https:\/\/www.abirato.com\/abiratoshop\/notre-exposition-pirates-a-quimper\/#article","isPartOf":{"@id":"https:\/\/www.abirato.com\/abiratoshop\/notre-exposition-pirates-a-quimper\/"},"author":{"name":"abirato","@id":"https:\/\/www.abirato.com\/abiratoshop\/#\/schema\/person\/553088a5199198fb7d53b6ec6c53fa70"},"headline":"Notre exposition PIRATES \u00e0 Quimper","datePublished":"2019-02-15T13:10:39+00:00","dateModified":"2019-02-19T09:58:45+00:00","mainEntityOfPage":{"@id":"https:\/\/www.abirato.com\/abiratoshop\/notre-exposition-pirates-a-quimper\/"},"wordCount":39,"commentCount":0,"publisher":{"@id":"https:\/\/www.abirato.com\/abiratoshop\/#organization"},"image":{"@id":"https:\/\/www.abirato.com\/abiratoshop\/notre-exposition-pirates-a-quimper\/#primaryimage"},"thumbnailUrl":"https:\/\/www.abirato.com\/abiratoshop\/wp-content\/uploads\/2018\/06\/ilepirateBdef.jpg","articleSection":["Actualit\u00e9s","BD","Dessin","illustration","Manifestation","Mes cr\u00e9ations","Pour les grands","Pour les loulous","Vu \u00e0 la t\u00e9l\u00e9"],"inLanguage":"fr-FR","potentialAction":[{"@type":"CommentAction","name":"Comment","target":["https:\/\/www.abirato.com\/abiratoshop\/notre-exposition-pirates-a-quimper\/#respond"]}]},{"@type":"WebPage","@id":"https:\/\/www.abirato.com\/abiratoshop\/notre-exposition-pirates-a-quimper\/","url":"https:\/\/www.abirato.com\/abiratoshop\/notre-exposition-pirates-a-quimper\/","name":"Notre exposition PIRATES \u00e0 Quimper - MAISON DU RHU","isPartOf":{"@id":"https:\/\/www.abirato.com\/abiratoshop\/#website"},"primaryImageOfPage":{"@id":"https:\/\/www.abirato.com\/abiratoshop\/notre-exposition-pirates-a-quimper\/#primaryimage"},"image":{"@id":"https:\/\/www.abirato.com\/abiratoshop\/notre-exposition-pirates-a-quimper\/#primaryimage"},"thumbnailUrl":"https:\/\/www.abirato.com\/abiratoshop\/wp-content\/uploads\/2018\/06\/ilepirateBdef.jpg","datePublished":"2019-02-15T13:10:39+00:00","dateModified":"2019-02-19T09:58:45+00:00","breadcrumb":{"@id":"https:\/\/www.abirato.com\/abiratoshop\/notre-exposition-pirates-a-quimper\/#breadcrumb"},"inLanguage":"fr-FR","potentialAction":[{"@type":"ReadAction","target":["https:\/\/www.abirato.com\/abiratoshop\/notre-exposition-pirates-a-quimper\/"]}]},{"@type":"ImageObject","inLanguage":"fr-FR","@id":"https:\/\/www.abirato.com\/abiratoshop\/notre-exposition-pirates-a-quimper\/#primaryimage","url":"https:\/\/www.abirato.com\/abiratoshop\/wp-content\/uploads\/2018\/06\/ilepirateBdef.jpg","contentUrl":"https:\/\/www.abirato.com\/abiratoshop\/wp-content\/uploads\/2018\/06\/ilepirateBdef.jpg","width":593,"height":800},{"@type":"BreadcrumbList","@id":"https:\/\/www.abirato.com\/abiratoshop\/notre-exposition-pirates-a-quimper\/#breadcrumb","itemListElement":[{"@type":"ListItem","position":1,"name":"Accueil","item":"https:\/\/www.abirato.com\/abiratoshop\/"},{"@type":"ListItem","position":2,"name":"Notre exposition PIRATES \u00e0 Quimper"}]},{"@type":"WebSite","@id":"https:\/\/www.abirato.com\/abiratoshop\/#website","url":"https:\/\/www.abirato.com\/abiratoshop\/","name":"MAISON DU RHU","description":"sautez la barri\u00e8re","publisher":{"@id":"https:\/\/www.abirato.com\/abiratoshop\/#organization"},"potentialAction":[{"@type":"SearchAction","target":{"@type":"EntryPoint","urlTemplate":"https:\/\/www.abirato.com\/abiratoshop\/?s={search_term_string}"},"query-input":{"@type":"PropertyValueSpecification","valueRequired":true,"valueName":"search_term_string"}}],"inLanguage":"fr-FR"},{"@type":"Organization","@id":"https:\/\/www.abirato.com\/abiratoshop\/#organization","name":"MAISON DU RHU","url":"https:\/\/www.abirato.com\/abiratoshop\/","logo":{"@type":"ImageObject","inLanguage":"fr-FR","@id":"https:\/\/www.abirato.com\/abiratoshop\/#\/schema\/logo\/image\/","url":"https:\/\/www.abirato.com\/abiratoshop\/wp-content\/uploads\/2022\/01\/cropped-cropped-Logorhu17bis-1BLC.png","contentUrl":"https:\/\/www.abirato.com\/abiratoshop\/wp-content\/uploads\/2022\/01\/cropped-cropped-Logorhu17bis-1BLC.png","width":114,"height":150,"caption":"MAISON DU RHU"},"image":{"@id":"https:\/\/www.abirato.com\/abiratoshop\/#\/schema\/logo\/image\/"}},{"@type":"Person","@id":"https:\/\/www.abirato.com\/abiratoshop\/#\/schema\/person\/553088a5199198fb7d53b6ec6c53fa70","name":"abirato","image":{"@type":"ImageObject","inLanguage":"fr-FR","@id":"https:\/\/secure.gravatar.com\/avatar\/147dd4f916d1f1c76da309937c3c17056f52a2a278f85a2e35f7d3fc77931ff5?s=96&d=mm&r=g","url":"https:\/\/secure.gravatar.com\/avatar\/147dd4f916d1f1c76da309937c3c17056f52a2a278f85a2e35f7d3fc77931ff5?s=96&d=mm&r=g","contentUrl":"https:\/\/secure.gravatar.com\/avatar\/147dd4f916d1f1c76da309937c3c17056f52a2a278f85a2e35f7d3fc77931ff5?s=96&d=mm&r=g","caption":"abirato"},"sameAs":["http:\/\/www.abirato.com"],"url":"https:\/\/www.abirato.com\/abiratoshop\/author\/abirato\/"}]}},"_links":{"self":[{"href":"https:\/\/www.abirato.com\/abiratoshop\/wp-json\/wp\/v2\/posts\/4088","targetHints":{"allow":["GET"]}}],"collection":[{"href":"https:\/\/www.abirato.com\/abiratoshop\/wp-json\/wp\/v2\/posts"}],"about":[{"href":"https:\/\/www.abirato.com\/abiratoshop\/wp-json\/wp\/v2\/types\/post"}],"author":[{"embeddable":true,"href":"https:\/\/www.abirato.com\/abiratoshop\/wp-json\/wp\/v2\/users\/1"}],"replies":[{"embeddable":true,"href":"https:\/\/www.abirato.com\/abiratoshop\/wp-json\/wp\/v2\/comments?post=4088"}],"version-history":[{"count":4,"href":"https:\/\/www.abirato.com\/abiratoshop\/wp-json\/wp\/v2\/posts\/4088\/revisions"}],"predecessor-version":[{"id":4093,"href":"https:\/\/www.abirato.com\/abiratoshop\/wp-json\/wp\/v2\/posts\/4088\/revisions\/4093"}],"wp:featuredmedia":[{"embeddable":true,"href":"https:\/\/www.abirato.com\/abiratoshop\/wp-json\/wp\/v2\/media\/3006"}],"wp:attachment":[{"href":"https:\/\/www.abirato.com\/abiratoshop\/wp-json\/wp\/v2\/media?parent=4088"}],"wp:term":[{"taxonomy":"category","embeddable":true,"href":"https:\/\/www.abirato.com\/abiratoshop\/wp-json\/wp\/v2\/categories?post=4088"},{"taxonomy":"post_tag","embeddable":true,"href":"https:\/\/www.abirato.com\/abiratoshop\/wp-json\/wp\/v2\/tags?post=4088"}],"curies":[{"name":"wp","href":"https:\/\/api.w.org\/{rel}","templated":true}]}}