{"id":3624,"date":"2018-12-19T09:36:19","date_gmt":"2018-12-19T08:36:19","guid":{"rendered":"http:\/\/www.abirato.com\/abiratoshop\/?p=3624"},"modified":"2019-04-22T19:00:21","modified_gmt":"2019-04-22T18:00:21","slug":"le-manege-del-kerfi","status":"publish","type":"post","link":"https:\/\/www.abirato.com\/abiratoshop\/le-manege-del-kerfi\/","title":{"rendered":"Le Man\u00e8ge d&rsquo;El Kerfi"},"content":{"rendered":"<p>Dans Le cadre du March\u00e9 de Noel de La ville De Brest<br \/>\nPour vos enfants chers Parents \u00ab\u00a0Le Man\u00e8ge Sal\u00e9e\u00a0\u00bb va tourner<br \/>\ntout le week-end du <strong>22\/23 d\u00e9cembre 2018 au square de l&rsquo;herminier <\/strong>pr\u00e8s de dialogue et la rue de siam<br \/>\nAnim\u00e9 par Juke \u00ab\u00a0Le t\u00e9nor de brest\u00a0\u00bb Capitaine du Man\u00e8ge sal\u00e9e<\/p>\n<p><a href=\"http:\/\/www.abirato.com\/abiratoshop\/wp-content\/uploads\/2018\/12\/elkerfi.jpg\"><img fetchpriority=\"high\" decoding=\"async\" class=\"aligncenter size-full wp-image-3625\" src=\"http:\/\/www.abirato.com\/abiratoshop\/wp-content\/uploads\/2018\/12\/elkerfi.jpg\" alt=\"\" width=\"2048\" height=\"1362\" srcset=\"https:\/\/www.abirato.com\/abiratoshop\/wp-content\/uploads\/2018\/12\/elkerfi.jpg 2048w, https:\/\/www.abirato.com\/abiratoshop\/wp-content\/uploads\/2018\/12\/elkerfi-300x200.jpg 300w, https:\/\/www.abirato.com\/abiratoshop\/wp-content\/uploads\/2018\/12\/elkerfi-768x511.jpg 768w, https:\/\/www.abirato.com\/abiratoshop\/wp-content\/uploads\/2018\/12\/elkerfi-1024x681.jpg 1024w, https:\/\/www.abirato.com\/abiratoshop\/wp-content\/uploads\/2018\/12\/elkerfi-600x399.jpg 600w\" sizes=\"(max-width: 2048px) 100vw, 2048px\" \/><\/a><\/p>\n<p>L&rsquo;histoire :<br \/>\nLe Man\u00e8ge sal\u00e9 est un petit carrousel atypique sur lequel sillonnent 8 animaux marins en t\u00f4le, acier, aluminium et bois. Aujourd&rsquo;hui accueilli par l&rsquo;Association Dipitk, il a \u00e9t\u00e9 cr\u00e9e en 2001 par le <a href=\"http:\/\/rouillegorge.free.fr\/\" target=\"_blank\" rel=\"noopener noreferrer\">collectif des Rouilles Gorge<\/a> et a fait escale sur les routes du monde entier avec la Compagnie El Kerfi pendant une quinzaine d&rsquo;ann\u00e9e (\u00e0 Chalon dans la rue en 2014, La rue est \u00e0 Amiens en \u00e9t\u00e9 2016, et dans de nombreuses f\u00eates et festivals de rues&#8230;)<\/p>\n<p>Sur le plateau du Man\u00e8ge sal\u00e9 sillonnent huit bestioles tout droit sortir des fonds imaginaires marins.<br \/>\nEmbarquez pour un tourbillonnant voyage \u00e0 dos de baleine ou de langoustine \u00e0 suspension, chevauchez une tortue des mers ou lancez-vous \u00e0 la poursuite d&rsquo;un banc de sardines volantes&#8230;<\/p>\n<p>Huit sculptures r\u00e9alis\u00e9es en t\u00f4le, acier, aluminium et bois emportent \u00e0 chaque tour une douzaine de passagers dans une ronde ludique et aquatique!<\/p>\n<p>la Bio de :<br \/>\nJuke Le T\u00e9nor de Brest \u00ab\u00a0Le capitaine du Man\u00e8ge Sal\u00e9e\u00a0\u00bb<\/p>\n<p>\u00ab\u00a0La l\u00e9gende veut que Juke le T\u00e9nor de Brest ait chant\u00e9 dans le monde entier. De Douarnenez son port d&rsquo; attache, jusqu&rsquo;en Nouvelle Z\u00e9lande, en passant par le S\u00e9n\u00e9gal, Berlin, Bruxelles, l&rsquo; Irlande\u2026 Mais \u00e9galement sur les grandes sc\u00e8nes fran\u00e7aises. Autant<br \/>\nd&rsquo; escales m\u00e9morables parfois partag\u00e9es avec d&rsquo; autres troubadours. Mais Juke alias Le T\u00e9nor de Brest a plus d\u2019un tour dans son sac ! Il se transforme en capitaine DJ du fabuleux Man\u00e8ge Sal\u00e9, et c\u2019est parti pour le grand voyage musical ! Changement de poisson !<br \/>\nA chaque escale du Man\u00e8ge, c\u2019est une nouvelle aventure qui commence. Il pourrait bien faire rigoler ton petit fr\u00e8re et danser ta grand m\u00e8re, voire m\u00eame toute ta famille ! Il peut \u00eatre crieur de rue avec un porte voix ! Et encore mieux, improviser une chanson au galop sur le dos de \u00ab Justine la langoustine \u00bb, fabuleuse star du Man\u00e8ge Sal\u00e9 .<br \/>\nLe T\u00e9nor tiens bien la barre mais attention! Soyez pr\u00eat pour la grande mar\u00e9e! \u00ab\u00a0Sur le Man\u00e8ge sal\u00e9, la temp\u00eate va souffler !\u00bb<\/p>\n<div style=\"padding-bottom:20px; padding-top:10px;\" class=\"hupso-share-buttons\"><!-- Hupso Share Buttons - https:\/\/www.hupso.com\/share\/ --><a class=\"hupso_toolbar\" href=\"https:\/\/www.hupso.com\/share\/\"><img decoding=\"async\" src=\"https:\/\/static.hupso.com\/share\/buttons\/lang\/fr\/share-medium.png\" style=\"border:0px; padding-top: 5px; float:left;\" alt=\"Share Button\"\/><\/a><script type=\"text\/javascript\">var hupso_services_t=new Array(\"Twitter\",\"Facebook\",\"Google Plus\",\"Pinterest\",\"Linkedin\",\"Tumblr\");var hupso_background_t=\"#EAF4FF\";var hupso_border_t=\"#66CCFF\";var hupso_toolbar_size_t=\"medium\";var hupso_image_folder_url = \"\";var hupso_url_t=\"\";var hupso_title_t=\"Le%20Man%C3%A8ge%20d%27El%20Kerfi\";<\/script><script type=\"text\/javascript\" src=\"https:\/\/static.hupso.com\/share\/js\/share_toolbar.js\"><\/script><!-- Hupso Share Buttons --><\/div>","protected":false},"excerpt":{"rendered":"<p>Dans Le cadre du March\u00e9 de Noel de La ville De Brest Pour vos enfants chers Parents \u00ab\u00a0Le Man\u00e8ge Sal\u00e9e\u00a0\u00bb va tourner tout le week-end du 22\/23 d\u00e9cembre 2018 au square de l&rsquo;herminier pr\u00e8s de dialogue et la rue de siam Anim\u00e9 par Juke \u00ab\u00a0Le t\u00e9nor de brest\u00a0\u00bb Capitaine du Man\u00e8ge sal\u00e9e L&rsquo;histoire : Le<\/p><\/div>\n<div class=\"blog-btn\"><a href=\"https:\/\/www.abirato.com\/abiratoshop\/le-manege-del-kerfi\/\" class=\"home-blog-btn\">Lire la suite<\/a><\/p>\n","protected":false},"author":1,"featured_media":3625,"comment_status":"open","ping_status":"open","sticky":false,"template":"","format":"standard","meta":{"_exactmetrics_skip_tracking":false,"_exactmetrics_sitenote_active":false,"_exactmetrics_sitenote_note":"","_exactmetrics_sitenote_category":0,"footnotes":""},"categories":[20,21,25],"tags":[],"class_list":["post-3624","post","type-post","status-publish","format-standard","has-post-thumbnail","hentry","category-actualites","category-manifestation","category-pour-les-loulous"],"yoast_head":"<!-- This site is optimized with the Yoast SEO plugin v27.3 - https:\/\/yoast.com\/product\/yoast-seo-wordpress\/ -->\n<title>Le Man\u00e8ge d&#039;El Kerfi - MAISON DU RHU<\/title>\n<meta name=\"robots\" content=\"index, follow, max-snippet:-1, max-image-preview:large, max-video-preview:-1\" \/>\n<link rel=\"canonical\" href=\"https:\/\/www.abirato.com\/abiratoshop\/le-manege-del-kerfi\/\" \/>\n<meta property=\"og:locale\" content=\"fr_FR\" \/>\n<meta property=\"og:type\" content=\"article\" \/>\n<meta property=\"og:title\" content=\"Le Man\u00e8ge d&#039;El Kerfi - MAISON DU RHU\" \/>\n<meta property=\"og:description\" content=\"Dans Le cadre du March\u00e9 de Noel de La ville De Brest Pour vos enfants chers Parents \u00ab\u00a0Le Man\u00e8ge Sal\u00e9e\u00a0\u00bb va tourner tout le week-end du 22\/23 d\u00e9cembre 2018 au square de l&rsquo;herminier pr\u00e8s de dialogue et la rue de siam Anim\u00e9 par Juke \u00ab\u00a0Le t\u00e9nor de brest\u00a0\u00bb Capitaine du Man\u00e8ge sal\u00e9e L&rsquo;histoire : LeLire la suite\" \/>\n<meta property=\"og:url\" content=\"https:\/\/www.abirato.com\/abiratoshop\/le-manege-del-kerfi\/\" \/>\n<meta property=\"og:site_name\" content=\"MAISON DU RHU\" \/>\n<meta property=\"article:published_time\" content=\"2018-12-19T08:36:19+00:00\" \/>\n<meta property=\"article:modified_time\" content=\"2019-04-22T18:00:21+00:00\" \/>\n<meta property=\"og:image\" content=\"https:\/\/www.abirato.com\/abiratoshop\/wp-content\/uploads\/2018\/12\/elkerfi.jpg\" \/>\n\t<meta property=\"og:image:width\" content=\"2048\" \/>\n\t<meta property=\"og:image:height\" content=\"1362\" \/>\n\t<meta property=\"og:image:type\" content=\"image\/jpeg\" \/>\n<meta name=\"author\" content=\"abirato\" \/>\n<meta name=\"twitter:card\" content=\"summary_large_image\" \/>\n<meta name=\"twitter:label1\" content=\"\u00c9crit par\" \/>\n\t<meta name=\"twitter:data1\" content=\"abirato\" \/>\n\t<meta name=\"twitter:label2\" content=\"Dur\u00e9e de lecture estim\u00e9e\" \/>\n\t<meta name=\"twitter:data2\" content=\"2 minutes\" \/>\n<script type=\"application\/ld+json\" class=\"yoast-schema-graph\">{\"@context\":\"https:\\\/\\\/schema.org\",\"@graph\":[{\"@type\":\"Article\",\"@id\":\"https:\\\/\\\/www.abirato.com\\\/abiratoshop\\\/le-manege-del-kerfi\\\/#article\",\"isPartOf\":{\"@id\":\"https:\\\/\\\/www.abirato.com\\\/abiratoshop\\\/le-manege-del-kerfi\\\/\"},\"author\":{\"name\":\"abirato\",\"@id\":\"https:\\\/\\\/www.abirato.com\\\/abiratoshop\\\/#\\\/schema\\\/person\\\/553088a5199198fb7d53b6ec6c53fa70\"},\"headline\":\"Le Man\u00e8ge d&rsquo;El Kerfi\",\"datePublished\":\"2018-12-19T08:36:19+00:00\",\"dateModified\":\"2019-04-22T18:00:21+00:00\",\"mainEntityOfPage\":{\"@id\":\"https:\\\/\\\/www.abirato.com\\\/abiratoshop\\\/le-manege-del-kerfi\\\/\"},\"wordCount\":416,\"commentCount\":0,\"publisher\":{\"@id\":\"https:\\\/\\\/www.abirato.com\\\/abiratoshop\\\/#organization\"},\"image\":{\"@id\":\"https:\\\/\\\/www.abirato.com\\\/abiratoshop\\\/le-manege-del-kerfi\\\/#primaryimage\"},\"thumbnailUrl\":\"https:\\\/\\\/www.abirato.com\\\/abiratoshop\\\/wp-content\\\/uploads\\\/2018\\\/12\\\/elkerfi.jpg\",\"articleSection\":[\"Actualit\u00e9s\",\"Manifestation\",\"Pour les loulous\"],\"inLanguage\":\"fr-FR\",\"potentialAction\":[{\"@type\":\"CommentAction\",\"name\":\"Comment\",\"target\":[\"https:\\\/\\\/www.abirato.com\\\/abiratoshop\\\/le-manege-del-kerfi\\\/#respond\"]}]},{\"@type\":\"WebPage\",\"@id\":\"https:\\\/\\\/www.abirato.com\\\/abiratoshop\\\/le-manege-del-kerfi\\\/\",\"url\":\"https:\\\/\\\/www.abirato.com\\\/abiratoshop\\\/le-manege-del-kerfi\\\/\",\"name\":\"Le Man\u00e8ge d'El Kerfi - MAISON DU RHU\",\"isPartOf\":{\"@id\":\"https:\\\/\\\/www.abirato.com\\\/abiratoshop\\\/#website\"},\"primaryImageOfPage\":{\"@id\":\"https:\\\/\\\/www.abirato.com\\\/abiratoshop\\\/le-manege-del-kerfi\\\/#primaryimage\"},\"image\":{\"@id\":\"https:\\\/\\\/www.abirato.com\\\/abiratoshop\\\/le-manege-del-kerfi\\\/#primaryimage\"},\"thumbnailUrl\":\"https:\\\/\\\/www.abirato.com\\\/abiratoshop\\\/wp-content\\\/uploads\\\/2018\\\/12\\\/elkerfi.jpg\",\"datePublished\":\"2018-12-19T08:36:19+00:00\",\"dateModified\":\"2019-04-22T18:00:21+00:00\",\"breadcrumb\":{\"@id\":\"https:\\\/\\\/www.abirato.com\\\/abiratoshop\\\/le-manege-del-kerfi\\\/#breadcrumb\"},\"inLanguage\":\"fr-FR\",\"potentialAction\":[{\"@type\":\"ReadAction\",\"target\":[\"https:\\\/\\\/www.abirato.com\\\/abiratoshop\\\/le-manege-del-kerfi\\\/\"]}]},{\"@type\":\"ImageObject\",\"inLanguage\":\"fr-FR\",\"@id\":\"https:\\\/\\\/www.abirato.com\\\/abiratoshop\\\/le-manege-del-kerfi\\\/#primaryimage\",\"url\":\"https:\\\/\\\/www.abirato.com\\\/abiratoshop\\\/wp-content\\\/uploads\\\/2018\\\/12\\\/elkerfi.jpg\",\"contentUrl\":\"https:\\\/\\\/www.abirato.com\\\/abiratoshop\\\/wp-content\\\/uploads\\\/2018\\\/12\\\/elkerfi.jpg\",\"width\":2048,\"height\":1362},{\"@type\":\"BreadcrumbList\",\"@id\":\"https:\\\/\\\/www.abirato.com\\\/abiratoshop\\\/le-manege-del-kerfi\\\/#breadcrumb\",\"itemListElement\":[{\"@type\":\"ListItem\",\"position\":1,\"name\":\"Accueil\",\"item\":\"https:\\\/\\\/www.abirato.com\\\/abiratoshop\\\/\"},{\"@type\":\"ListItem\",\"position\":2,\"name\":\"Le Man\u00e8ge d&rsquo;El Kerfi\"}]},{\"@type\":\"WebSite\",\"@id\":\"https:\\\/\\\/www.abirato.com\\\/abiratoshop\\\/#website\",\"url\":\"https:\\\/\\\/www.abirato.com\\\/abiratoshop\\\/\",\"name\":\"MAISON DU RHU\",\"description\":\"sautez la barri\u00e8re\",\"publisher\":{\"@id\":\"https:\\\/\\\/www.abirato.com\\\/abiratoshop\\\/#organization\"},\"potentialAction\":[{\"@type\":\"SearchAction\",\"target\":{\"@type\":\"EntryPoint\",\"urlTemplate\":\"https:\\\/\\\/www.abirato.com\\\/abiratoshop\\\/?s={search_term_string}\"},\"query-input\":{\"@type\":\"PropertyValueSpecification\",\"valueRequired\":true,\"valueName\":\"search_term_string\"}}],\"inLanguage\":\"fr-FR\"},{\"@type\":\"Organization\",\"@id\":\"https:\\\/\\\/www.abirato.com\\\/abiratoshop\\\/#organization\",\"name\":\"MAISON DU RHU\",\"url\":\"https:\\\/\\\/www.abirato.com\\\/abiratoshop\\\/\",\"logo\":{\"@type\":\"ImageObject\",\"inLanguage\":\"fr-FR\",\"@id\":\"https:\\\/\\\/www.abirato.com\\\/abiratoshop\\\/#\\\/schema\\\/logo\\\/image\\\/\",\"url\":\"https:\\\/\\\/www.abirato.com\\\/abiratoshop\\\/wp-content\\\/uploads\\\/2022\\\/01\\\/cropped-cropped-Logorhu17bis-1BLC.png\",\"contentUrl\":\"https:\\\/\\\/www.abirato.com\\\/abiratoshop\\\/wp-content\\\/uploads\\\/2022\\\/01\\\/cropped-cropped-Logorhu17bis-1BLC.png\",\"width\":114,\"height\":150,\"caption\":\"MAISON DU RHU\"},\"image\":{\"@id\":\"https:\\\/\\\/www.abirato.com\\\/abiratoshop\\\/#\\\/schema\\\/logo\\\/image\\\/\"}},{\"@type\":\"Person\",\"@id\":\"https:\\\/\\\/www.abirato.com\\\/abiratoshop\\\/#\\\/schema\\\/person\\\/553088a5199198fb7d53b6ec6c53fa70\",\"name\":\"abirato\",\"image\":{\"@type\":\"ImageObject\",\"inLanguage\":\"fr-FR\",\"@id\":\"https:\\\/\\\/secure.gravatar.com\\\/avatar\\\/147dd4f916d1f1c76da309937c3c17056f52a2a278f85a2e35f7d3fc77931ff5?s=96&d=mm&r=g\",\"url\":\"https:\\\/\\\/secure.gravatar.com\\\/avatar\\\/147dd4f916d1f1c76da309937c3c17056f52a2a278f85a2e35f7d3fc77931ff5?s=96&d=mm&r=g\",\"contentUrl\":\"https:\\\/\\\/secure.gravatar.com\\\/avatar\\\/147dd4f916d1f1c76da309937c3c17056f52a2a278f85a2e35f7d3fc77931ff5?s=96&d=mm&r=g\",\"caption\":\"abirato\"},\"sameAs\":[\"http:\\\/\\\/www.abirato.com\"],\"url\":\"https:\\\/\\\/www.abirato.com\\\/abiratoshop\\\/author\\\/abirato\\\/\"}]}<\/script>\n<!-- \/ Yoast SEO plugin. -->","yoast_head_json":{"title":"Le Man\u00e8ge d'El Kerfi - MAISON DU RHU","robots":{"index":"index","follow":"follow","max-snippet":"max-snippet:-1","max-image-preview":"max-image-preview:large","max-video-preview":"max-video-preview:-1"},"canonical":"https:\/\/www.abirato.com\/abiratoshop\/le-manege-del-kerfi\/","og_locale":"fr_FR","og_type":"article","og_title":"Le Man\u00e8ge d'El Kerfi - MAISON DU RHU","og_description":"Dans Le cadre du March\u00e9 de Noel de La ville De Brest Pour vos enfants chers Parents \u00ab\u00a0Le Man\u00e8ge Sal\u00e9e\u00a0\u00bb va tourner tout le week-end du 22\/23 d\u00e9cembre 2018 au square de l&rsquo;herminier pr\u00e8s de dialogue et la rue de siam Anim\u00e9 par Juke \u00ab\u00a0Le t\u00e9nor de brest\u00a0\u00bb Capitaine du Man\u00e8ge sal\u00e9e L&rsquo;histoire : LeLire la suite","og_url":"https:\/\/www.abirato.com\/abiratoshop\/le-manege-del-kerfi\/","og_site_name":"MAISON DU RHU","article_published_time":"2018-12-19T08:36:19+00:00","article_modified_time":"2019-04-22T18:00:21+00:00","og_image":[{"width":2048,"height":1362,"url":"https:\/\/www.abirato.com\/abiratoshop\/wp-content\/uploads\/2018\/12\/elkerfi.jpg","type":"image\/jpeg"}],"author":"abirato","twitter_card":"summary_large_image","twitter_misc":{"\u00c9crit par":"abirato","Dur\u00e9e de lecture estim\u00e9e":"2 minutes"},"schema":{"@context":"https:\/\/schema.org","@graph":[{"@type":"Article","@id":"https:\/\/www.abirato.com\/abiratoshop\/le-manege-del-kerfi\/#article","isPartOf":{"@id":"https:\/\/www.abirato.com\/abiratoshop\/le-manege-del-kerfi\/"},"author":{"name":"abirato","@id":"https:\/\/www.abirato.com\/abiratoshop\/#\/schema\/person\/553088a5199198fb7d53b6ec6c53fa70"},"headline":"Le Man\u00e8ge d&rsquo;El Kerfi","datePublished":"2018-12-19T08:36:19+00:00","dateModified":"2019-04-22T18:00:21+00:00","mainEntityOfPage":{"@id":"https:\/\/www.abirato.com\/abiratoshop\/le-manege-del-kerfi\/"},"wordCount":416,"commentCount":0,"publisher":{"@id":"https:\/\/www.abirato.com\/abiratoshop\/#organization"},"image":{"@id":"https:\/\/www.abirato.com\/abiratoshop\/le-manege-del-kerfi\/#primaryimage"},"thumbnailUrl":"https:\/\/www.abirato.com\/abiratoshop\/wp-content\/uploads\/2018\/12\/elkerfi.jpg","articleSection":["Actualit\u00e9s","Manifestation","Pour les loulous"],"inLanguage":"fr-FR","potentialAction":[{"@type":"CommentAction","name":"Comment","target":["https:\/\/www.abirato.com\/abiratoshop\/le-manege-del-kerfi\/#respond"]}]},{"@type":"WebPage","@id":"https:\/\/www.abirato.com\/abiratoshop\/le-manege-del-kerfi\/","url":"https:\/\/www.abirato.com\/abiratoshop\/le-manege-del-kerfi\/","name":"Le Man\u00e8ge d'El Kerfi - MAISON DU RHU","isPartOf":{"@id":"https:\/\/www.abirato.com\/abiratoshop\/#website"},"primaryImageOfPage":{"@id":"https:\/\/www.abirato.com\/abiratoshop\/le-manege-del-kerfi\/#primaryimage"},"image":{"@id":"https:\/\/www.abirato.com\/abiratoshop\/le-manege-del-kerfi\/#primaryimage"},"thumbnailUrl":"https:\/\/www.abirato.com\/abiratoshop\/wp-content\/uploads\/2018\/12\/elkerfi.jpg","datePublished":"2018-12-19T08:36:19+00:00","dateModified":"2019-04-22T18:00:21+00:00","breadcrumb":{"@id":"https:\/\/www.abirato.com\/abiratoshop\/le-manege-del-kerfi\/#breadcrumb"},"inLanguage":"fr-FR","potentialAction":[{"@type":"ReadAction","target":["https:\/\/www.abirato.com\/abiratoshop\/le-manege-del-kerfi\/"]}]},{"@type":"ImageObject","inLanguage":"fr-FR","@id":"https:\/\/www.abirato.com\/abiratoshop\/le-manege-del-kerfi\/#primaryimage","url":"https:\/\/www.abirato.com\/abiratoshop\/wp-content\/uploads\/2018\/12\/elkerfi.jpg","contentUrl":"https:\/\/www.abirato.com\/abiratoshop\/wp-content\/uploads\/2018\/12\/elkerfi.jpg","width":2048,"height":1362},{"@type":"BreadcrumbList","@id":"https:\/\/www.abirato.com\/abiratoshop\/le-manege-del-kerfi\/#breadcrumb","itemListElement":[{"@type":"ListItem","position":1,"name":"Accueil","item":"https:\/\/www.abirato.com\/abiratoshop\/"},{"@type":"ListItem","position":2,"name":"Le Man\u00e8ge d&rsquo;El Kerfi"}]},{"@type":"WebSite","@id":"https:\/\/www.abirato.com\/abiratoshop\/#website","url":"https:\/\/www.abirato.com\/abiratoshop\/","name":"MAISON DU RHU","description":"sautez la barri\u00e8re","publisher":{"@id":"https:\/\/www.abirato.com\/abiratoshop\/#organization"},"potentialAction":[{"@type":"SearchAction","target":{"@type":"EntryPoint","urlTemplate":"https:\/\/www.abirato.com\/abiratoshop\/?s={search_term_string}"},"query-input":{"@type":"PropertyValueSpecification","valueRequired":true,"valueName":"search_term_string"}}],"inLanguage":"fr-FR"},{"@type":"Organization","@id":"https:\/\/www.abirato.com\/abiratoshop\/#organization","name":"MAISON DU RHU","url":"https:\/\/www.abirato.com\/abiratoshop\/","logo":{"@type":"ImageObject","inLanguage":"fr-FR","@id":"https:\/\/www.abirato.com\/abiratoshop\/#\/schema\/logo\/image\/","url":"https:\/\/www.abirato.com\/abiratoshop\/wp-content\/uploads\/2022\/01\/cropped-cropped-Logorhu17bis-1BLC.png","contentUrl":"https:\/\/www.abirato.com\/abiratoshop\/wp-content\/uploads\/2022\/01\/cropped-cropped-Logorhu17bis-1BLC.png","width":114,"height":150,"caption":"MAISON DU RHU"},"image":{"@id":"https:\/\/www.abirato.com\/abiratoshop\/#\/schema\/logo\/image\/"}},{"@type":"Person","@id":"https:\/\/www.abirato.com\/abiratoshop\/#\/schema\/person\/553088a5199198fb7d53b6ec6c53fa70","name":"abirato","image":{"@type":"ImageObject","inLanguage":"fr-FR","@id":"https:\/\/secure.gravatar.com\/avatar\/147dd4f916d1f1c76da309937c3c17056f52a2a278f85a2e35f7d3fc77931ff5?s=96&d=mm&r=g","url":"https:\/\/secure.gravatar.com\/avatar\/147dd4f916d1f1c76da309937c3c17056f52a2a278f85a2e35f7d3fc77931ff5?s=96&d=mm&r=g","contentUrl":"https:\/\/secure.gravatar.com\/avatar\/147dd4f916d1f1c76da309937c3c17056f52a2a278f85a2e35f7d3fc77931ff5?s=96&d=mm&r=g","caption":"abirato"},"sameAs":["http:\/\/www.abirato.com"],"url":"https:\/\/www.abirato.com\/abiratoshop\/author\/abirato\/"}]}},"_links":{"self":[{"href":"https:\/\/www.abirato.com\/abiratoshop\/wp-json\/wp\/v2\/posts\/3624","targetHints":{"allow":["GET"]}}],"collection":[{"href":"https:\/\/www.abirato.com\/abiratoshop\/wp-json\/wp\/v2\/posts"}],"about":[{"href":"https:\/\/www.abirato.com\/abiratoshop\/wp-json\/wp\/v2\/types\/post"}],"author":[{"embeddable":true,"href":"https:\/\/www.abirato.com\/abiratoshop\/wp-json\/wp\/v2\/users\/1"}],"replies":[{"embeddable":true,"href":"https:\/\/www.abirato.com\/abiratoshop\/wp-json\/wp\/v2\/comments?post=3624"}],"version-history":[{"count":6,"href":"https:\/\/www.abirato.com\/abiratoshop\/wp-json\/wp\/v2\/posts\/3624\/revisions"}],"predecessor-version":[{"id":4416,"href":"https:\/\/www.abirato.com\/abiratoshop\/wp-json\/wp\/v2\/posts\/3624\/revisions\/4416"}],"wp:featuredmedia":[{"embeddable":true,"href":"https:\/\/www.abirato.com\/abiratoshop\/wp-json\/wp\/v2\/media\/3625"}],"wp:attachment":[{"href":"https:\/\/www.abirato.com\/abiratoshop\/wp-json\/wp\/v2\/media?parent=3624"}],"wp:term":[{"taxonomy":"category","embeddable":true,"href":"https:\/\/www.abirato.com\/abiratoshop\/wp-json\/wp\/v2\/categories?post=3624"},{"taxonomy":"post_tag","embeddable":true,"href":"https:\/\/www.abirato.com\/abiratoshop\/wp-json\/wp\/v2\/tags?post=3624"}],"curies":[{"name":"wp","href":"https:\/\/api.w.org\/{rel}","templated":true}]}}