{"id":1729,"date":"2008-10-19T16:09:00","date_gmt":"2008-10-19T15:09:00","guid":{"rendered":"http:\/\/www.abirato.com\/abiratoshop\/je-collectionne-les-ciels\/"},"modified":"2008-10-19T16:09:00","modified_gmt":"2008-10-19T15:09:00","slug":"je-collectionne-les-ciels","status":"publish","type":"post","link":"https:\/\/www.abirato.com\/abiratoshop\/je-collectionne-les-ciels\/","title":{"rendered":"Je collectionne les Ciels"},"content":{"rendered":"<div style=\"text-align: center;\"><a href=\"http:\/\/1.bp.blogspot.com\/_XrfzCYNhu0w\/SPtO0x2I6XI\/AAAAAAAABTI\/2Zd0bctkj-o\/s1600-h\/ciels.jpg\"><img decoding=\"async\" class=\"corner ishadow20\" src=\"http:\/\/1.bp.blogspot.com\/_XrfzCYNhu0w\/SPtO0x2I6XI\/AAAAAAAABTI\/2Zd0bctkj-o\/s400\/ciels.jpg\" \/><\/a><\/div>\n<p>Brest-18 et 19 Octobre 2008<\/p>\n<p><img decoding=\"async\" src=\"http:\/\/www.abirato.com\/ABC\/A.gif\" align=\"left\" \/>vec l&rsquo;arriv\u00e9e de l&rsquo;hiver et les beaux jours d&rsquo;arri\u00e8re saison, je suis encore plus fascin\u00e9 par nos ciels brestois chaque jour plus merveilleux. Evidemment, c&rsquo;est une fascination ancestrale et plut\u00f4t banale me direz-vous. Faute d&rsquo;appareil photo sur moi, j&rsquo;ai loup\u00e9 quelques merveilles de la nature en emmenant ma fille \u00e0 la cr\u00e8che, chemin sur lequel il y a des d\u00e9gagements tr\u00e8s larges sur l&rsquo;horizon et ces ciels inconcevables m\u00eame par le plus grand peintre des plus belles all\u00e9gories. Du coup, \u00e7a y est, je prend une bonne r\u00e9solution: je recharge mes batteries et le met d\u00e9sormais dans ma poche tout le temps depuis hier soir. D\u00e8s qu&rsquo;on a un appareil photo et une id\u00e9e en t\u00eate, c&rsquo;est fou: on devient vite obs\u00e9d\u00e9, le regard est focalis\u00e9 sur son sujet, on le voit partout. Mais quel plaisir!<\/p>\n<div style=\"padding-bottom:20px; padding-top:10px;\" class=\"hupso-share-buttons\"><!-- Hupso Share Buttons - https:\/\/www.hupso.com\/share\/ --><a class=\"hupso_toolbar\" href=\"https:\/\/www.hupso.com\/share\/\"><img decoding=\"async\" src=\"https:\/\/static.hupso.com\/share\/buttons\/lang\/fr\/share-medium.png\" style=\"border:0px; padding-top: 5px; float:left;\" alt=\"Share Button\"\/><\/a><script type=\"text\/javascript\">var hupso_services_t=new Array(\"Twitter\",\"Facebook\",\"Google Plus\",\"Pinterest\",\"Linkedin\",\"Tumblr\");var hupso_background_t=\"#EAF4FF\";var hupso_border_t=\"#66CCFF\";var hupso_toolbar_size_t=\"medium\";var hupso_image_folder_url = \"\";var hupso_url_t=\"\";var hupso_title_t=\"Je%20collectionne%20les%20Ciels\";<\/script><script type=\"text\/javascript\" src=\"https:\/\/static.hupso.com\/share\/js\/share_toolbar.js\"><\/script><!-- Hupso Share Buttons --><\/div>","protected":false},"excerpt":{"rendered":"<p>Brest-18 et 19 Octobre 2008 vec l&rsquo;arriv\u00e9e de l&rsquo;hiver et les beaux jours d&rsquo;arri\u00e8re saison, je suis encore plus fascin\u00e9 par nos ciels brestois chaque jour plus merveilleux. Evidemment, c&rsquo;est une fascination ancestrale et plut\u00f4t banale me direz-vous. Faute d&rsquo;appareil photo sur moi, j&rsquo;ai loup\u00e9 quelques merveilles de la nature en emmenant ma fille \u00e0<\/p><\/div>\n<div class=\"blog-btn\"><a href=\"https:\/\/www.abirato.com\/abiratoshop\/je-collectionne-les-ciels\/\" class=\"home-blog-btn\">Lire la suite<\/a><\/p>\n","protected":false},"author":3,"featured_media":0,"comment_status":"open","ping_status":"open","sticky":false,"template":"","format":"standard","meta":{"_exactmetrics_skip_tracking":false,"_exactmetrics_sitenote_active":false,"_exactmetrics_sitenote_note":"","_exactmetrics_sitenote_category":0,"footnotes":""},"categories":[46,51,29,30,1],"tags":[],"class_list":["post-1729","post","type-post","status-publish","format-standard","hentry","category-autres-arts","category-graphisme","category-mes-creations","category-mon-graphisme","category-non-classe"],"yoast_head":"<!-- This site is optimized with the Yoast SEO plugin v27.3 - https:\/\/yoast.com\/product\/yoast-seo-wordpress\/ -->\n<title>Je collectionne les Ciels - MAISON DU RHU<\/title>\n<meta name=\"robots\" content=\"index, follow, max-snippet:-1, max-image-preview:large, max-video-preview:-1\" \/>\n<link rel=\"canonical\" href=\"https:\/\/www.abirato.com\/abiratoshop\/je-collectionne-les-ciels\/\" \/>\n<meta property=\"og:locale\" content=\"fr_FR\" \/>\n<meta property=\"og:type\" content=\"article\" \/>\n<meta property=\"og:title\" content=\"Je collectionne les Ciels - MAISON DU RHU\" \/>\n<meta property=\"og:description\" content=\"Brest-18 et 19 Octobre 2008 vec l&rsquo;arriv\u00e9e de l&rsquo;hiver et les beaux jours d&rsquo;arri\u00e8re saison, je suis encore plus fascin\u00e9 par nos ciels brestois chaque jour plus merveilleux. Evidemment, c&rsquo;est une fascination ancestrale et plut\u00f4t banale me direz-vous. Faute d&rsquo;appareil photo sur moi, j&rsquo;ai loup\u00e9 quelques merveilles de la nature en emmenant ma fille \u00e0Lire la suite\" \/>\n<meta property=\"og:url\" content=\"https:\/\/www.abirato.com\/abiratoshop\/je-collectionne-les-ciels\/\" \/>\n<meta property=\"og:site_name\" content=\"MAISON DU RHU\" \/>\n<meta property=\"article:published_time\" content=\"2008-10-19T15:09:00+00:00\" \/>\n<meta property=\"og:image\" content=\"http:\/\/1.bp.blogspot.com\/_XrfzCYNhu0w\/SPtO0x2I6XI\/AAAAAAAABTI\/2Zd0bctkj-o\/s400\/ciels.jpg\" \/>\n<meta name=\"author\" content=\"Julien Weber-Acquaviva\" \/>\n<meta name=\"twitter:card\" content=\"summary_large_image\" \/>\n<meta name=\"twitter:label1\" content=\"\u00c9crit par\" \/>\n\t<meta name=\"twitter:data1\" content=\"Julien Weber-Acquaviva\" \/>\n\t<meta name=\"twitter:label2\" content=\"Dur\u00e9e de lecture estim\u00e9e\" \/>\n\t<meta name=\"twitter:data2\" content=\"1 minute\" \/>\n<script type=\"application\/ld+json\" class=\"yoast-schema-graph\">{\"@context\":\"https:\\\/\\\/schema.org\",\"@graph\":[{\"@type\":\"Article\",\"@id\":\"https:\\\/\\\/www.abirato.com\\\/abiratoshop\\\/je-collectionne-les-ciels\\\/#article\",\"isPartOf\":{\"@id\":\"https:\\\/\\\/www.abirato.com\\\/abiratoshop\\\/je-collectionne-les-ciels\\\/\"},\"author\":{\"name\":\"Julien Weber-Acquaviva\",\"@id\":\"https:\\\/\\\/www.abirato.com\\\/abiratoshop\\\/#\\\/schema\\\/person\\\/3a92f60030c018080078db873b4df0b8\"},\"headline\":\"Je collectionne les Ciels\",\"datePublished\":\"2008-10-19T15:09:00+00:00\",\"mainEntityOfPage\":{\"@id\":\"https:\\\/\\\/www.abirato.com\\\/abiratoshop\\\/je-collectionne-les-ciels\\\/\"},\"wordCount\":156,\"commentCount\":1,\"publisher\":{\"@id\":\"https:\\\/\\\/www.abirato.com\\\/abiratoshop\\\/#organization\"},\"image\":{\"@id\":\"https:\\\/\\\/www.abirato.com\\\/abiratoshop\\\/je-collectionne-les-ciels\\\/#primaryimage\"},\"thumbnailUrl\":\"http:\\\/\\\/1.bp.blogspot.com\\\/_XrfzCYNhu0w\\\/SPtO0x2I6XI\\\/AAAAAAAABTI\\\/2Zd0bctkj-o\\\/s400\\\/ciels.jpg\",\"articleSection\":[\"Autres arts\",\"Graphisme\",\"Mes cr\u00e9ations\",\"Mon Graphisme\"],\"inLanguage\":\"fr-FR\",\"potentialAction\":[{\"@type\":\"CommentAction\",\"name\":\"Comment\",\"target\":[\"https:\\\/\\\/www.abirato.com\\\/abiratoshop\\\/je-collectionne-les-ciels\\\/#respond\"]}]},{\"@type\":\"WebPage\",\"@id\":\"https:\\\/\\\/www.abirato.com\\\/abiratoshop\\\/je-collectionne-les-ciels\\\/\",\"url\":\"https:\\\/\\\/www.abirato.com\\\/abiratoshop\\\/je-collectionne-les-ciels\\\/\",\"name\":\"Je collectionne les Ciels - MAISON DU RHU\",\"isPartOf\":{\"@id\":\"https:\\\/\\\/www.abirato.com\\\/abiratoshop\\\/#website\"},\"primaryImageOfPage\":{\"@id\":\"https:\\\/\\\/www.abirato.com\\\/abiratoshop\\\/je-collectionne-les-ciels\\\/#primaryimage\"},\"image\":{\"@id\":\"https:\\\/\\\/www.abirato.com\\\/abiratoshop\\\/je-collectionne-les-ciels\\\/#primaryimage\"},\"thumbnailUrl\":\"http:\\\/\\\/1.bp.blogspot.com\\\/_XrfzCYNhu0w\\\/SPtO0x2I6XI\\\/AAAAAAAABTI\\\/2Zd0bctkj-o\\\/s400\\\/ciels.jpg\",\"datePublished\":\"2008-10-19T15:09:00+00:00\",\"breadcrumb\":{\"@id\":\"https:\\\/\\\/www.abirato.com\\\/abiratoshop\\\/je-collectionne-les-ciels\\\/#breadcrumb\"},\"inLanguage\":\"fr-FR\",\"potentialAction\":[{\"@type\":\"ReadAction\",\"target\":[\"https:\\\/\\\/www.abirato.com\\\/abiratoshop\\\/je-collectionne-les-ciels\\\/\"]}]},{\"@type\":\"ImageObject\",\"inLanguage\":\"fr-FR\",\"@id\":\"https:\\\/\\\/www.abirato.com\\\/abiratoshop\\\/je-collectionne-les-ciels\\\/#primaryimage\",\"url\":\"http:\\\/\\\/1.bp.blogspot.com\\\/_XrfzCYNhu0w\\\/SPtO0x2I6XI\\\/AAAAAAAABTI\\\/2Zd0bctkj-o\\\/s400\\\/ciels.jpg\",\"contentUrl\":\"http:\\\/\\\/1.bp.blogspot.com\\\/_XrfzCYNhu0w\\\/SPtO0x2I6XI\\\/AAAAAAAABTI\\\/2Zd0bctkj-o\\\/s400\\\/ciels.jpg\"},{\"@type\":\"BreadcrumbList\",\"@id\":\"https:\\\/\\\/www.abirato.com\\\/abiratoshop\\\/je-collectionne-les-ciels\\\/#breadcrumb\",\"itemListElement\":[{\"@type\":\"ListItem\",\"position\":1,\"name\":\"Accueil\",\"item\":\"https:\\\/\\\/www.abirato.com\\\/abiratoshop\\\/\"},{\"@type\":\"ListItem\",\"position\":2,\"name\":\"Je collectionne les Ciels\"}]},{\"@type\":\"WebSite\",\"@id\":\"https:\\\/\\\/www.abirato.com\\\/abiratoshop\\\/#website\",\"url\":\"https:\\\/\\\/www.abirato.com\\\/abiratoshop\\\/\",\"name\":\"MAISON DU RHU\",\"description\":\"sautez la barri\u00e8re\",\"publisher\":{\"@id\":\"https:\\\/\\\/www.abirato.com\\\/abiratoshop\\\/#organization\"},\"potentialAction\":[{\"@type\":\"SearchAction\",\"target\":{\"@type\":\"EntryPoint\",\"urlTemplate\":\"https:\\\/\\\/www.abirato.com\\\/abiratoshop\\\/?s={search_term_string}\"},\"query-input\":{\"@type\":\"PropertyValueSpecification\",\"valueRequired\":true,\"valueName\":\"search_term_string\"}}],\"inLanguage\":\"fr-FR\"},{\"@type\":\"Organization\",\"@id\":\"https:\\\/\\\/www.abirato.com\\\/abiratoshop\\\/#organization\",\"name\":\"MAISON DU RHU\",\"url\":\"https:\\\/\\\/www.abirato.com\\\/abiratoshop\\\/\",\"logo\":{\"@type\":\"ImageObject\",\"inLanguage\":\"fr-FR\",\"@id\":\"https:\\\/\\\/www.abirato.com\\\/abiratoshop\\\/#\\\/schema\\\/logo\\\/image\\\/\",\"url\":\"https:\\\/\\\/www.abirato.com\\\/abiratoshop\\\/wp-content\\\/uploads\\\/2022\\\/01\\\/cropped-cropped-Logorhu17bis-1BLC.png\",\"contentUrl\":\"https:\\\/\\\/www.abirato.com\\\/abiratoshop\\\/wp-content\\\/uploads\\\/2022\\\/01\\\/cropped-cropped-Logorhu17bis-1BLC.png\",\"width\":114,\"height\":150,\"caption\":\"MAISON DU RHU\"},\"image\":{\"@id\":\"https:\\\/\\\/www.abirato.com\\\/abiratoshop\\\/#\\\/schema\\\/logo\\\/image\\\/\"}},{\"@type\":\"Person\",\"@id\":\"https:\\\/\\\/www.abirato.com\\\/abiratoshop\\\/#\\\/schema\\\/person\\\/3a92f60030c018080078db873b4df0b8\",\"name\":\"Julien Weber-Acquaviva\",\"image\":{\"@type\":\"ImageObject\",\"inLanguage\":\"fr-FR\",\"@id\":\"https:\\\/\\\/secure.gravatar.com\\\/avatar\\\/199f1d0c63eeabf3f74e50cc2d47e9bd25756a32acf80de56022619ae0e503f9?s=96&d=mm&r=g\",\"url\":\"https:\\\/\\\/secure.gravatar.com\\\/avatar\\\/199f1d0c63eeabf3f74e50cc2d47e9bd25756a32acf80de56022619ae0e503f9?s=96&d=mm&r=g\",\"contentUrl\":\"https:\\\/\\\/secure.gravatar.com\\\/avatar\\\/199f1d0c63eeabf3f74e50cc2d47e9bd25756a32acf80de56022619ae0e503f9?s=96&d=mm&r=g\",\"caption\":\"Julien Weber-Acquaviva\"},\"url\":\"https:\\\/\\\/www.abirato.com\\\/abiratoshop\\\/author\\\/julien-weber-acquaviva\\\/\"}]}<\/script>\n<!-- \/ Yoast SEO plugin. -->","yoast_head_json":{"title":"Je collectionne les Ciels - MAISON DU RHU","robots":{"index":"index","follow":"follow","max-snippet":"max-snippet:-1","max-image-preview":"max-image-preview:large","max-video-preview":"max-video-preview:-1"},"canonical":"https:\/\/www.abirato.com\/abiratoshop\/je-collectionne-les-ciels\/","og_locale":"fr_FR","og_type":"article","og_title":"Je collectionne les Ciels - MAISON DU RHU","og_description":"Brest-18 et 19 Octobre 2008 vec l&rsquo;arriv\u00e9e de l&rsquo;hiver et les beaux jours d&rsquo;arri\u00e8re saison, je suis encore plus fascin\u00e9 par nos ciels brestois chaque jour plus merveilleux. Evidemment, c&rsquo;est une fascination ancestrale et plut\u00f4t banale me direz-vous. Faute d&rsquo;appareil photo sur moi, j&rsquo;ai loup\u00e9 quelques merveilles de la nature en emmenant ma fille \u00e0Lire la suite","og_url":"https:\/\/www.abirato.com\/abiratoshop\/je-collectionne-les-ciels\/","og_site_name":"MAISON DU RHU","article_published_time":"2008-10-19T15:09:00+00:00","og_image":[{"url":"http:\/\/1.bp.blogspot.com\/_XrfzCYNhu0w\/SPtO0x2I6XI\/AAAAAAAABTI\/2Zd0bctkj-o\/s400\/ciels.jpg","type":"","width":"","height":""}],"author":"Julien Weber-Acquaviva","twitter_card":"summary_large_image","twitter_misc":{"\u00c9crit par":"Julien Weber-Acquaviva","Dur\u00e9e de lecture estim\u00e9e":"1 minute"},"schema":{"@context":"https:\/\/schema.org","@graph":[{"@type":"Article","@id":"https:\/\/www.abirato.com\/abiratoshop\/je-collectionne-les-ciels\/#article","isPartOf":{"@id":"https:\/\/www.abirato.com\/abiratoshop\/je-collectionne-les-ciels\/"},"author":{"name":"Julien Weber-Acquaviva","@id":"https:\/\/www.abirato.com\/abiratoshop\/#\/schema\/person\/3a92f60030c018080078db873b4df0b8"},"headline":"Je collectionne les Ciels","datePublished":"2008-10-19T15:09:00+00:00","mainEntityOfPage":{"@id":"https:\/\/www.abirato.com\/abiratoshop\/je-collectionne-les-ciels\/"},"wordCount":156,"commentCount":1,"publisher":{"@id":"https:\/\/www.abirato.com\/abiratoshop\/#organization"},"image":{"@id":"https:\/\/www.abirato.com\/abiratoshop\/je-collectionne-les-ciels\/#primaryimage"},"thumbnailUrl":"http:\/\/1.bp.blogspot.com\/_XrfzCYNhu0w\/SPtO0x2I6XI\/AAAAAAAABTI\/2Zd0bctkj-o\/s400\/ciels.jpg","articleSection":["Autres arts","Graphisme","Mes cr\u00e9ations","Mon Graphisme"],"inLanguage":"fr-FR","potentialAction":[{"@type":"CommentAction","name":"Comment","target":["https:\/\/www.abirato.com\/abiratoshop\/je-collectionne-les-ciels\/#respond"]}]},{"@type":"WebPage","@id":"https:\/\/www.abirato.com\/abiratoshop\/je-collectionne-les-ciels\/","url":"https:\/\/www.abirato.com\/abiratoshop\/je-collectionne-les-ciels\/","name":"Je collectionne les Ciels - MAISON DU RHU","isPartOf":{"@id":"https:\/\/www.abirato.com\/abiratoshop\/#website"},"primaryImageOfPage":{"@id":"https:\/\/www.abirato.com\/abiratoshop\/je-collectionne-les-ciels\/#primaryimage"},"image":{"@id":"https:\/\/www.abirato.com\/abiratoshop\/je-collectionne-les-ciels\/#primaryimage"},"thumbnailUrl":"http:\/\/1.bp.blogspot.com\/_XrfzCYNhu0w\/SPtO0x2I6XI\/AAAAAAAABTI\/2Zd0bctkj-o\/s400\/ciels.jpg","datePublished":"2008-10-19T15:09:00+00:00","breadcrumb":{"@id":"https:\/\/www.abirato.com\/abiratoshop\/je-collectionne-les-ciels\/#breadcrumb"},"inLanguage":"fr-FR","potentialAction":[{"@type":"ReadAction","target":["https:\/\/www.abirato.com\/abiratoshop\/je-collectionne-les-ciels\/"]}]},{"@type":"ImageObject","inLanguage":"fr-FR","@id":"https:\/\/www.abirato.com\/abiratoshop\/je-collectionne-les-ciels\/#primaryimage","url":"http:\/\/1.bp.blogspot.com\/_XrfzCYNhu0w\/SPtO0x2I6XI\/AAAAAAAABTI\/2Zd0bctkj-o\/s400\/ciels.jpg","contentUrl":"http:\/\/1.bp.blogspot.com\/_XrfzCYNhu0w\/SPtO0x2I6XI\/AAAAAAAABTI\/2Zd0bctkj-o\/s400\/ciels.jpg"},{"@type":"BreadcrumbList","@id":"https:\/\/www.abirato.com\/abiratoshop\/je-collectionne-les-ciels\/#breadcrumb","itemListElement":[{"@type":"ListItem","position":1,"name":"Accueil","item":"https:\/\/www.abirato.com\/abiratoshop\/"},{"@type":"ListItem","position":2,"name":"Je collectionne les Ciels"}]},{"@type":"WebSite","@id":"https:\/\/www.abirato.com\/abiratoshop\/#website","url":"https:\/\/www.abirato.com\/abiratoshop\/","name":"MAISON DU RHU","description":"sautez la barri\u00e8re","publisher":{"@id":"https:\/\/www.abirato.com\/abiratoshop\/#organization"},"potentialAction":[{"@type":"SearchAction","target":{"@type":"EntryPoint","urlTemplate":"https:\/\/www.abirato.com\/abiratoshop\/?s={search_term_string}"},"query-input":{"@type":"PropertyValueSpecification","valueRequired":true,"valueName":"search_term_string"}}],"inLanguage":"fr-FR"},{"@type":"Organization","@id":"https:\/\/www.abirato.com\/abiratoshop\/#organization","name":"MAISON DU RHU","url":"https:\/\/www.abirato.com\/abiratoshop\/","logo":{"@type":"ImageObject","inLanguage":"fr-FR","@id":"https:\/\/www.abirato.com\/abiratoshop\/#\/schema\/logo\/image\/","url":"https:\/\/www.abirato.com\/abiratoshop\/wp-content\/uploads\/2022\/01\/cropped-cropped-Logorhu17bis-1BLC.png","contentUrl":"https:\/\/www.abirato.com\/abiratoshop\/wp-content\/uploads\/2022\/01\/cropped-cropped-Logorhu17bis-1BLC.png","width":114,"height":150,"caption":"MAISON DU RHU"},"image":{"@id":"https:\/\/www.abirato.com\/abiratoshop\/#\/schema\/logo\/image\/"}},{"@type":"Person","@id":"https:\/\/www.abirato.com\/abiratoshop\/#\/schema\/person\/3a92f60030c018080078db873b4df0b8","name":"Julien Weber-Acquaviva","image":{"@type":"ImageObject","inLanguage":"fr-FR","@id":"https:\/\/secure.gravatar.com\/avatar\/199f1d0c63eeabf3f74e50cc2d47e9bd25756a32acf80de56022619ae0e503f9?s=96&d=mm&r=g","url":"https:\/\/secure.gravatar.com\/avatar\/199f1d0c63eeabf3f74e50cc2d47e9bd25756a32acf80de56022619ae0e503f9?s=96&d=mm&r=g","contentUrl":"https:\/\/secure.gravatar.com\/avatar\/199f1d0c63eeabf3f74e50cc2d47e9bd25756a32acf80de56022619ae0e503f9?s=96&d=mm&r=g","caption":"Julien Weber-Acquaviva"},"url":"https:\/\/www.abirato.com\/abiratoshop\/author\/julien-weber-acquaviva\/"}]}},"_links":{"self":[{"href":"https:\/\/www.abirato.com\/abiratoshop\/wp-json\/wp\/v2\/posts\/1729","targetHints":{"allow":["GET"]}}],"collection":[{"href":"https:\/\/www.abirato.com\/abiratoshop\/wp-json\/wp\/v2\/posts"}],"about":[{"href":"https:\/\/www.abirato.com\/abiratoshop\/wp-json\/wp\/v2\/types\/post"}],"author":[{"embeddable":true,"href":"https:\/\/www.abirato.com\/abiratoshop\/wp-json\/wp\/v2\/users\/3"}],"replies":[{"embeddable":true,"href":"https:\/\/www.abirato.com\/abiratoshop\/wp-json\/wp\/v2\/comments?post=1729"}],"version-history":[{"count":0,"href":"https:\/\/www.abirato.com\/abiratoshop\/wp-json\/wp\/v2\/posts\/1729\/revisions"}],"wp:attachment":[{"href":"https:\/\/www.abirato.com\/abiratoshop\/wp-json\/wp\/v2\/media?parent=1729"}],"wp:term":[{"taxonomy":"category","embeddable":true,"href":"https:\/\/www.abirato.com\/abiratoshop\/wp-json\/wp\/v2\/categories?post=1729"},{"taxonomy":"post_tag","embeddable":true,"href":"https:\/\/www.abirato.com\/abiratoshop\/wp-json\/wp\/v2\/tags?post=1729"}],"curies":[{"name":"wp","href":"https:\/\/api.w.org\/{rel}","templated":true}]}}