{"id":1636,"date":"2008-11-23T23:04:00","date_gmt":"2008-11-23T22:04:00","guid":{"rendered":"http:\/\/www.abirato.com\/abiratoshop\/gerard-de-haro-inge-son\/"},"modified":"2008-11-23T23:04:00","modified_gmt":"2008-11-23T22:04:00","slug":"gerard-de-haro-inge-son","status":"publish","type":"post","link":"https:\/\/www.abirato.com\/abiratoshop\/gerard-de-haro-inge-son\/","title":{"rendered":"Gerard de Haro &#8211; ing\u00e9 son"},"content":{"rendered":"<p><img decoding=\"async\" src=\"http:\/\/www.abirato.com\/ABC\/I.gif\" align=\"left\" \/>ncontournable nom associ\u00e9 \u00e0 de grands disques, tout comme Philippe Teissier Du Cros, et au studio La Buissonne. Suis-je le seul \u00e0 regarder qui tient les manettes? Par analogie au cin\u00e9ma, un r\u00e9alisateur est au centre de la cr\u00e9ation via le montage (avec ou sans \u00ab\u00a0monteur\u00a0\u00bb), mais il doit avoir sur le moment un bon directeur photo et une bonne musique avant d&rsquo;avoir un bon directeur de casting&#8230; Ce sont les noms que je regarde.<br \/>Un disque doit \u00eatre celui d&rsquo;un bon groupe mais l&rsquo;ing\u00e9 son y est pour beaucoup: Philippe Teissier Du Cros va travailler \u00e0 ce que l&rsquo;enregistrement se passe bien, mat\u00e9riellement, techniquement, le mixage \u00e0 l&rsquo;instar du montage, choix des morceaux, etc. Mais aussi il va \u00eatre capable de remettre en question l&rsquo;artistique: les choix, les arrangements, de fa\u00e7on \u00e0 cr\u00e9er ensemble un objet qui n&rsquo;est pas un simple enregistrement de plus, des surprises&#8230;<br \/>Je pense simplement en \u00e9coutant leur travail qu&rsquo;ils sont tr\u00e8s pr\u00e9sents, on retrouve leurs pattes personnelles. Apr\u00e8s, on aime ou on aime pas, mais les critiques leurs sont dans l&rsquo;ensemble plut\u00f4t favorables! Faut dire qu&rsquo;ils ne s&rsquo;associent pas \u00e0 n&rsquo;importe qui non plus! Dr\u00f4le de m\u00e9tier que celui-l\u00e0&#8230;<\/p>\n<p>Trombinoscope du studio la Buissonne:<a href=\"http:\/\/www.labuissonne.com\/fr\/photos01-2005.htm\" target=\"_blank\">http:\/\/www.labuissonne.com\/fr\/photos01-2005.htm<\/a><\/p>\n<div style=\"text-align: center;\"><a href=\"http:\/\/3.bp.blogspot.com\/_XrfzCYNhu0w\/SSnYynKpMGI\/AAAAAAAABl0\/PSK3dnz3i6A\/s1600-h\/elecricbillcover.jpg\"><img decoding=\"async\" style=\"cursor: pointer; width: 320px; height: 319px;\" src=\"http:\/\/3.bp.blogspot.com\/_XrfzCYNhu0w\/SSnYynKpMGI\/AAAAAAAABl0\/PSK3dnz3i6A\/s320\/elecricbillcover.jpg\" alt=\"\" id=\"BLOGGER_PHOTO_ID_5271983202832560226\" class=\"corner ishadow20\" border=\"0\" \/><\/a><\/div>\n<p>On peut voir <a href=\"http:\/\/www.carrothers.com\/\" target=\"_blank\">Bill Carrothers<\/a> dont je vais donc \u00e9voquer le clavier surtout sur <span style=\"font-style: italic;\">Electric Bill<\/span>. Encore un amerloque qui joue bien, une ambiance personnelle, il roule pas mal sa bosse dans diff\u00e9rents styles, j&rsquo;accroche surtout \u00e0 son groove. Je me d\u00e9tache de plus en plus de l&rsquo;approche \u00ab\u00a0pianistique\u00a0\u00bb pour chercher la \u00ab\u00a0musicalit\u00e9\u00a0\u00bb, le sens des m\u00e9lodies ou du groove, soit le sens de la danse du public qui sera irr\u00e9sistible. On veut chanter, on veut bouger, on voyage, on divague: c&rsquo;est r\u00e9ussit! Sinon, bon ben on mettra le CD \u00e0 c\u00f4t\u00e9 des autres, des exercices et des partitions&#8230; Bill n&rsquo;arrive pas toujours \u00e0 me toucher, mais parfois, m\u00eame en sideman&#8230; Comme pour Kevin Hays dont j&rsquo;admire le jeu inventif avec Chris Potter en live, mais pas trop son trio piano-basse-batterie sur CD. Enfin&#8230;<br \/>Je suis aussi dans une p\u00e9riode, je dirais oscillant entre \u00ab\u00a0\u00e9lectrique\u00a0\u00bb et \u00ab\u00a0ethno-acoustique\u00a0\u00bb, que je crois adopter depuis longtemps apr\u00e8s avoir abandonn\u00e9 le jazz bebop ou les trios straight, standards \u00e0 la Peacock\/Motian etc. De plus en plus (y a qu&rsquo;\u00e0 voir ma s\u00e9lection de disques!) Chacun son truc!<\/p>\n<div style=\"padding-bottom:20px; padding-top:10px;\" class=\"hupso-share-buttons\"><!-- Hupso Share Buttons - https:\/\/www.hupso.com\/share\/ --><a class=\"hupso_toolbar\" href=\"https:\/\/www.hupso.com\/share\/\"><img decoding=\"async\" src=\"https:\/\/static.hupso.com\/share\/buttons\/lang\/fr\/share-medium.png\" style=\"border:0px; padding-top: 5px; float:left;\" alt=\"Share Button\"\/><\/a><script type=\"text\/javascript\">var hupso_services_t=new Array(\"Twitter\",\"Facebook\",\"Google Plus\",\"Pinterest\",\"Linkedin\",\"Tumblr\");var hupso_background_t=\"#EAF4FF\";var hupso_border_t=\"#66CCFF\";var hupso_toolbar_size_t=\"medium\";var hupso_image_folder_url = \"\";var hupso_url_t=\"\";var hupso_title_t=\"Gerard%20de%20Haro%20-%20ing%C3%A9%20son\";<\/script><script type=\"text\/javascript\" src=\"https:\/\/static.hupso.com\/share\/js\/share_toolbar.js\"><\/script><!-- Hupso Share Buttons --><\/div>","protected":false},"excerpt":{"rendered":"<p>ncontournable nom associ\u00e9 \u00e0 de grands disques, tout comme Philippe Teissier Du Cros, et au studio La Buissonne. Suis-je le seul \u00e0 regarder qui tient les manettes? Par analogie au cin\u00e9ma, un r\u00e9alisateur est au centre de la cr\u00e9ation via le montage (avec ou sans \u00ab\u00a0monteur\u00a0\u00bb), mais il doit avoir sur le moment un bon<\/p><\/div>\n<div class=\"blog-btn\"><a href=\"https:\/\/www.abirato.com\/abiratoshop\/gerard-de-haro-inge-son\/\" class=\"home-blog-btn\">Lire la suite<\/a><\/p>\n","protected":false},"author":3,"featured_media":0,"comment_status":"open","ping_status":"open","sticky":false,"template":"","format":"standard","meta":{"_exactmetrics_skip_tracking":false,"_exactmetrics_sitenote_active":false,"_exactmetrics_sitenote_note":"","_exactmetrics_sitenote_category":0,"footnotes":""},"categories":[37,39,1],"tags":[],"class_list":["post-1636","post","type-post","status-publish","format-standard","hentry","category-ma-selection","category-musique","category-non-classe"],"yoast_head":"<!-- This site is optimized with the Yoast SEO plugin v27.3 - https:\/\/yoast.com\/product\/yoast-seo-wordpress\/ -->\n<title>Gerard de Haro - ing\u00e9 son - MAISON DU RHU<\/title>\n<meta name=\"robots\" content=\"index, follow, max-snippet:-1, max-image-preview:large, max-video-preview:-1\" \/>\n<link rel=\"canonical\" href=\"https:\/\/www.abirato.com\/abiratoshop\/gerard-de-haro-inge-son\/\" \/>\n<meta property=\"og:locale\" content=\"fr_FR\" \/>\n<meta property=\"og:type\" content=\"article\" \/>\n<meta property=\"og:title\" content=\"Gerard de Haro - ing\u00e9 son - MAISON DU RHU\" \/>\n<meta property=\"og:description\" content=\"ncontournable nom associ\u00e9 \u00e0 de grands disques, tout comme Philippe Teissier Du Cros, et au studio La Buissonne. Suis-je le seul \u00e0 regarder qui tient les manettes? Par analogie au cin\u00e9ma, un r\u00e9alisateur est au centre de la cr\u00e9ation via le montage (avec ou sans \u00ab\u00a0monteur\u00a0\u00bb), mais il doit avoir sur le moment un bonLire la suite\" \/>\n<meta property=\"og:url\" content=\"https:\/\/www.abirato.com\/abiratoshop\/gerard-de-haro-inge-son\/\" \/>\n<meta property=\"og:site_name\" content=\"MAISON DU RHU\" \/>\n<meta property=\"article:published_time\" content=\"2008-11-23T22:04:00+00:00\" \/>\n<meta property=\"og:image\" content=\"http:\/\/www.abirato.com\/ABC\/I.gif\" \/>\n<meta name=\"author\" content=\"Julien Weber-Acquaviva\" \/>\n<meta name=\"twitter:card\" content=\"summary_large_image\" \/>\n<meta name=\"twitter:label1\" content=\"\u00c9crit par\" \/>\n\t<meta name=\"twitter:data1\" content=\"Julien Weber-Acquaviva\" \/>\n\t<meta name=\"twitter:label2\" content=\"Dur\u00e9e de lecture estim\u00e9e\" \/>\n\t<meta name=\"twitter:data2\" content=\"2 minutes\" \/>\n<script type=\"application\/ld+json\" class=\"yoast-schema-graph\">{\"@context\":\"https:\\\/\\\/schema.org\",\"@graph\":[{\"@type\":\"Article\",\"@id\":\"https:\\\/\\\/www.abirato.com\\\/abiratoshop\\\/gerard-de-haro-inge-son\\\/#article\",\"isPartOf\":{\"@id\":\"https:\\\/\\\/www.abirato.com\\\/abiratoshop\\\/gerard-de-haro-inge-son\\\/\"},\"author\":{\"name\":\"Julien Weber-Acquaviva\",\"@id\":\"https:\\\/\\\/www.abirato.com\\\/abiratoshop\\\/#\\\/schema\\\/person\\\/3a92f60030c018080078db873b4df0b8\"},\"headline\":\"Gerard de Haro &#8211; ing\u00e9 son\",\"datePublished\":\"2008-11-23T22:04:00+00:00\",\"mainEntityOfPage\":{\"@id\":\"https:\\\/\\\/www.abirato.com\\\/abiratoshop\\\/gerard-de-haro-inge-son\\\/\"},\"wordCount\":410,\"commentCount\":0,\"publisher\":{\"@id\":\"https:\\\/\\\/www.abirato.com\\\/abiratoshop\\\/#organization\"},\"image\":{\"@id\":\"https:\\\/\\\/www.abirato.com\\\/abiratoshop\\\/gerard-de-haro-inge-son\\\/#primaryimage\"},\"thumbnailUrl\":\"http:\\\/\\\/www.abirato.com\\\/ABC\\\/I.gif\",\"articleSection\":[\"Ma S\u00e9lection\",\"Musique\"],\"inLanguage\":\"fr-FR\",\"potentialAction\":[{\"@type\":\"CommentAction\",\"name\":\"Comment\",\"target\":[\"https:\\\/\\\/www.abirato.com\\\/abiratoshop\\\/gerard-de-haro-inge-son\\\/#respond\"]}]},{\"@type\":\"WebPage\",\"@id\":\"https:\\\/\\\/www.abirato.com\\\/abiratoshop\\\/gerard-de-haro-inge-son\\\/\",\"url\":\"https:\\\/\\\/www.abirato.com\\\/abiratoshop\\\/gerard-de-haro-inge-son\\\/\",\"name\":\"Gerard de Haro - ing\u00e9 son - MAISON DU RHU\",\"isPartOf\":{\"@id\":\"https:\\\/\\\/www.abirato.com\\\/abiratoshop\\\/#website\"},\"primaryImageOfPage\":{\"@id\":\"https:\\\/\\\/www.abirato.com\\\/abiratoshop\\\/gerard-de-haro-inge-son\\\/#primaryimage\"},\"image\":{\"@id\":\"https:\\\/\\\/www.abirato.com\\\/abiratoshop\\\/gerard-de-haro-inge-son\\\/#primaryimage\"},\"thumbnailUrl\":\"http:\\\/\\\/www.abirato.com\\\/ABC\\\/I.gif\",\"datePublished\":\"2008-11-23T22:04:00+00:00\",\"breadcrumb\":{\"@id\":\"https:\\\/\\\/www.abirato.com\\\/abiratoshop\\\/gerard-de-haro-inge-son\\\/#breadcrumb\"},\"inLanguage\":\"fr-FR\",\"potentialAction\":[{\"@type\":\"ReadAction\",\"target\":[\"https:\\\/\\\/www.abirato.com\\\/abiratoshop\\\/gerard-de-haro-inge-son\\\/\"]}]},{\"@type\":\"ImageObject\",\"inLanguage\":\"fr-FR\",\"@id\":\"https:\\\/\\\/www.abirato.com\\\/abiratoshop\\\/gerard-de-haro-inge-son\\\/#primaryimage\",\"url\":\"http:\\\/\\\/www.abirato.com\\\/ABC\\\/I.gif\",\"contentUrl\":\"http:\\\/\\\/www.abirato.com\\\/ABC\\\/I.gif\"},{\"@type\":\"BreadcrumbList\",\"@id\":\"https:\\\/\\\/www.abirato.com\\\/abiratoshop\\\/gerard-de-haro-inge-son\\\/#breadcrumb\",\"itemListElement\":[{\"@type\":\"ListItem\",\"position\":1,\"name\":\"Accueil\",\"item\":\"https:\\\/\\\/www.abirato.com\\\/abiratoshop\\\/\"},{\"@type\":\"ListItem\",\"position\":2,\"name\":\"Gerard de Haro &#8211; ing\u00e9 son\"}]},{\"@type\":\"WebSite\",\"@id\":\"https:\\\/\\\/www.abirato.com\\\/abiratoshop\\\/#website\",\"url\":\"https:\\\/\\\/www.abirato.com\\\/abiratoshop\\\/\",\"name\":\"MAISON DU RHU\",\"description\":\"sautez la barri\u00e8re\",\"publisher\":{\"@id\":\"https:\\\/\\\/www.abirato.com\\\/abiratoshop\\\/#organization\"},\"potentialAction\":[{\"@type\":\"SearchAction\",\"target\":{\"@type\":\"EntryPoint\",\"urlTemplate\":\"https:\\\/\\\/www.abirato.com\\\/abiratoshop\\\/?s={search_term_string}\"},\"query-input\":{\"@type\":\"PropertyValueSpecification\",\"valueRequired\":true,\"valueName\":\"search_term_string\"}}],\"inLanguage\":\"fr-FR\"},{\"@type\":\"Organization\",\"@id\":\"https:\\\/\\\/www.abirato.com\\\/abiratoshop\\\/#organization\",\"name\":\"MAISON DU RHU\",\"url\":\"https:\\\/\\\/www.abirato.com\\\/abiratoshop\\\/\",\"logo\":{\"@type\":\"ImageObject\",\"inLanguage\":\"fr-FR\",\"@id\":\"https:\\\/\\\/www.abirato.com\\\/abiratoshop\\\/#\\\/schema\\\/logo\\\/image\\\/\",\"url\":\"https:\\\/\\\/www.abirato.com\\\/abiratoshop\\\/wp-content\\\/uploads\\\/2022\\\/01\\\/cropped-cropped-Logorhu17bis-1BLC.png\",\"contentUrl\":\"https:\\\/\\\/www.abirato.com\\\/abiratoshop\\\/wp-content\\\/uploads\\\/2022\\\/01\\\/cropped-cropped-Logorhu17bis-1BLC.png\",\"width\":114,\"height\":150,\"caption\":\"MAISON DU RHU\"},\"image\":{\"@id\":\"https:\\\/\\\/www.abirato.com\\\/abiratoshop\\\/#\\\/schema\\\/logo\\\/image\\\/\"}},{\"@type\":\"Person\",\"@id\":\"https:\\\/\\\/www.abirato.com\\\/abiratoshop\\\/#\\\/schema\\\/person\\\/3a92f60030c018080078db873b4df0b8\",\"name\":\"Julien Weber-Acquaviva\",\"image\":{\"@type\":\"ImageObject\",\"inLanguage\":\"fr-FR\",\"@id\":\"https:\\\/\\\/secure.gravatar.com\\\/avatar\\\/199f1d0c63eeabf3f74e50cc2d47e9bd25756a32acf80de56022619ae0e503f9?s=96&d=mm&r=g\",\"url\":\"https:\\\/\\\/secure.gravatar.com\\\/avatar\\\/199f1d0c63eeabf3f74e50cc2d47e9bd25756a32acf80de56022619ae0e503f9?s=96&d=mm&r=g\",\"contentUrl\":\"https:\\\/\\\/secure.gravatar.com\\\/avatar\\\/199f1d0c63eeabf3f74e50cc2d47e9bd25756a32acf80de56022619ae0e503f9?s=96&d=mm&r=g\",\"caption\":\"Julien Weber-Acquaviva\"},\"url\":\"https:\\\/\\\/www.abirato.com\\\/abiratoshop\\\/author\\\/julien-weber-acquaviva\\\/\"}]}<\/script>\n<!-- \/ Yoast SEO plugin. -->","yoast_head_json":{"title":"Gerard de Haro - ing\u00e9 son - MAISON DU RHU","robots":{"index":"index","follow":"follow","max-snippet":"max-snippet:-1","max-image-preview":"max-image-preview:large","max-video-preview":"max-video-preview:-1"},"canonical":"https:\/\/www.abirato.com\/abiratoshop\/gerard-de-haro-inge-son\/","og_locale":"fr_FR","og_type":"article","og_title":"Gerard de Haro - ing\u00e9 son - MAISON DU RHU","og_description":"ncontournable nom associ\u00e9 \u00e0 de grands disques, tout comme Philippe Teissier Du Cros, et au studio La Buissonne. Suis-je le seul \u00e0 regarder qui tient les manettes? Par analogie au cin\u00e9ma, un r\u00e9alisateur est au centre de la cr\u00e9ation via le montage (avec ou sans \u00ab\u00a0monteur\u00a0\u00bb), mais il doit avoir sur le moment un bonLire la suite","og_url":"https:\/\/www.abirato.com\/abiratoshop\/gerard-de-haro-inge-son\/","og_site_name":"MAISON DU RHU","article_published_time":"2008-11-23T22:04:00+00:00","og_image":[{"url":"http:\/\/www.abirato.com\/ABC\/I.gif","type":"","width":"","height":""}],"author":"Julien Weber-Acquaviva","twitter_card":"summary_large_image","twitter_misc":{"\u00c9crit par":"Julien Weber-Acquaviva","Dur\u00e9e de lecture estim\u00e9e":"2 minutes"},"schema":{"@context":"https:\/\/schema.org","@graph":[{"@type":"Article","@id":"https:\/\/www.abirato.com\/abiratoshop\/gerard-de-haro-inge-son\/#article","isPartOf":{"@id":"https:\/\/www.abirato.com\/abiratoshop\/gerard-de-haro-inge-son\/"},"author":{"name":"Julien Weber-Acquaviva","@id":"https:\/\/www.abirato.com\/abiratoshop\/#\/schema\/person\/3a92f60030c018080078db873b4df0b8"},"headline":"Gerard de Haro &#8211; ing\u00e9 son","datePublished":"2008-11-23T22:04:00+00:00","mainEntityOfPage":{"@id":"https:\/\/www.abirato.com\/abiratoshop\/gerard-de-haro-inge-son\/"},"wordCount":410,"commentCount":0,"publisher":{"@id":"https:\/\/www.abirato.com\/abiratoshop\/#organization"},"image":{"@id":"https:\/\/www.abirato.com\/abiratoshop\/gerard-de-haro-inge-son\/#primaryimage"},"thumbnailUrl":"http:\/\/www.abirato.com\/ABC\/I.gif","articleSection":["Ma S\u00e9lection","Musique"],"inLanguage":"fr-FR","potentialAction":[{"@type":"CommentAction","name":"Comment","target":["https:\/\/www.abirato.com\/abiratoshop\/gerard-de-haro-inge-son\/#respond"]}]},{"@type":"WebPage","@id":"https:\/\/www.abirato.com\/abiratoshop\/gerard-de-haro-inge-son\/","url":"https:\/\/www.abirato.com\/abiratoshop\/gerard-de-haro-inge-son\/","name":"Gerard de Haro - ing\u00e9 son - MAISON DU RHU","isPartOf":{"@id":"https:\/\/www.abirato.com\/abiratoshop\/#website"},"primaryImageOfPage":{"@id":"https:\/\/www.abirato.com\/abiratoshop\/gerard-de-haro-inge-son\/#primaryimage"},"image":{"@id":"https:\/\/www.abirato.com\/abiratoshop\/gerard-de-haro-inge-son\/#primaryimage"},"thumbnailUrl":"http:\/\/www.abirato.com\/ABC\/I.gif","datePublished":"2008-11-23T22:04:00+00:00","breadcrumb":{"@id":"https:\/\/www.abirato.com\/abiratoshop\/gerard-de-haro-inge-son\/#breadcrumb"},"inLanguage":"fr-FR","potentialAction":[{"@type":"ReadAction","target":["https:\/\/www.abirato.com\/abiratoshop\/gerard-de-haro-inge-son\/"]}]},{"@type":"ImageObject","inLanguage":"fr-FR","@id":"https:\/\/www.abirato.com\/abiratoshop\/gerard-de-haro-inge-son\/#primaryimage","url":"http:\/\/www.abirato.com\/ABC\/I.gif","contentUrl":"http:\/\/www.abirato.com\/ABC\/I.gif"},{"@type":"BreadcrumbList","@id":"https:\/\/www.abirato.com\/abiratoshop\/gerard-de-haro-inge-son\/#breadcrumb","itemListElement":[{"@type":"ListItem","position":1,"name":"Accueil","item":"https:\/\/www.abirato.com\/abiratoshop\/"},{"@type":"ListItem","position":2,"name":"Gerard de Haro &#8211; ing\u00e9 son"}]},{"@type":"WebSite","@id":"https:\/\/www.abirato.com\/abiratoshop\/#website","url":"https:\/\/www.abirato.com\/abiratoshop\/","name":"MAISON DU RHU","description":"sautez la barri\u00e8re","publisher":{"@id":"https:\/\/www.abirato.com\/abiratoshop\/#organization"},"potentialAction":[{"@type":"SearchAction","target":{"@type":"EntryPoint","urlTemplate":"https:\/\/www.abirato.com\/abiratoshop\/?s={search_term_string}"},"query-input":{"@type":"PropertyValueSpecification","valueRequired":true,"valueName":"search_term_string"}}],"inLanguage":"fr-FR"},{"@type":"Organization","@id":"https:\/\/www.abirato.com\/abiratoshop\/#organization","name":"MAISON DU RHU","url":"https:\/\/www.abirato.com\/abiratoshop\/","logo":{"@type":"ImageObject","inLanguage":"fr-FR","@id":"https:\/\/www.abirato.com\/abiratoshop\/#\/schema\/logo\/image\/","url":"https:\/\/www.abirato.com\/abiratoshop\/wp-content\/uploads\/2022\/01\/cropped-cropped-Logorhu17bis-1BLC.png","contentUrl":"https:\/\/www.abirato.com\/abiratoshop\/wp-content\/uploads\/2022\/01\/cropped-cropped-Logorhu17bis-1BLC.png","width":114,"height":150,"caption":"MAISON DU RHU"},"image":{"@id":"https:\/\/www.abirato.com\/abiratoshop\/#\/schema\/logo\/image\/"}},{"@type":"Person","@id":"https:\/\/www.abirato.com\/abiratoshop\/#\/schema\/person\/3a92f60030c018080078db873b4df0b8","name":"Julien Weber-Acquaviva","image":{"@type":"ImageObject","inLanguage":"fr-FR","@id":"https:\/\/secure.gravatar.com\/avatar\/199f1d0c63eeabf3f74e50cc2d47e9bd25756a32acf80de56022619ae0e503f9?s=96&d=mm&r=g","url":"https:\/\/secure.gravatar.com\/avatar\/199f1d0c63eeabf3f74e50cc2d47e9bd25756a32acf80de56022619ae0e503f9?s=96&d=mm&r=g","contentUrl":"https:\/\/secure.gravatar.com\/avatar\/199f1d0c63eeabf3f74e50cc2d47e9bd25756a32acf80de56022619ae0e503f9?s=96&d=mm&r=g","caption":"Julien Weber-Acquaviva"},"url":"https:\/\/www.abirato.com\/abiratoshop\/author\/julien-weber-acquaviva\/"}]}},"_links":{"self":[{"href":"https:\/\/www.abirato.com\/abiratoshop\/wp-json\/wp\/v2\/posts\/1636","targetHints":{"allow":["GET"]}}],"collection":[{"href":"https:\/\/www.abirato.com\/abiratoshop\/wp-json\/wp\/v2\/posts"}],"about":[{"href":"https:\/\/www.abirato.com\/abiratoshop\/wp-json\/wp\/v2\/types\/post"}],"author":[{"embeddable":true,"href":"https:\/\/www.abirato.com\/abiratoshop\/wp-json\/wp\/v2\/users\/3"}],"replies":[{"embeddable":true,"href":"https:\/\/www.abirato.com\/abiratoshop\/wp-json\/wp\/v2\/comments?post=1636"}],"version-history":[{"count":0,"href":"https:\/\/www.abirato.com\/abiratoshop\/wp-json\/wp\/v2\/posts\/1636\/revisions"}],"wp:attachment":[{"href":"https:\/\/www.abirato.com\/abiratoshop\/wp-json\/wp\/v2\/media?parent=1636"}],"wp:term":[{"taxonomy":"category","embeddable":true,"href":"https:\/\/www.abirato.com\/abiratoshop\/wp-json\/wp\/v2\/categories?post=1636"},{"taxonomy":"post_tag","embeddable":true,"href":"https:\/\/www.abirato.com\/abiratoshop\/wp-json\/wp\/v2\/tags?post=1636"}],"curies":[{"name":"wp","href":"https:\/\/api.w.org\/{rel}","templated":true}]}}